{"id":465,"date":"2024-05-08T08:32:30","date_gmt":"2024-05-08T06:32:30","guid":{"rendered":"https:\/\/epsapps.udg.edu\/experia\/2024\/05\/08\/plaestdee-pla-estrategic-direccio-estrategica-i-empresarial\/"},"modified":"2024-10-04T11:23:32","modified_gmt":"2024-10-04T09:23:32","slug":"plaestdee-pla-estrategic-direccio-estrategica-i-empresarial","status":"publish","type":"post","link":"https:\/\/epsapps.udg.edu\/experia\/2024\/05\/08\/plaestdee-pla-estrategic-direccio-estrategica-i-empresarial\/","title":{"rendered":"PlaEstInd: Pla estrat\u00e9gic, Direcci\u00f3 Estrat\u00e8gica i Empresarial"},"content":{"rendered":"<ul class=\"wpuf_customs\">            <li class=\"wpuf-field-data wpuf-field-data-text_field\">\n                                    <label>Autoria:<\/label>\n                                Andrea Bikfalvi, andrea.bikfalvi@udg.edu; Marc Pons, marc.pons@udg.edu            <\/li>\n                    <li class=\"wpuf-field-data wpuf-field-data-text_field\">\n                                    <label>Contacte (mail):<\/label>\n                                Andrea Bikfalvi, andrea.bikfalvi@udg.edu            <\/li>\n                    <li class=\"wpuf-field-data wpuf-field-data-dropdown_field\">\n                                    <label>Nivell:<\/label>\n                                M\u00e0ster            <\/li>\n                    <li class=\"wpuf-field-data wpuf-field-data-checkbox_field\">\n                                    <label>Curs:<\/label>\n                                1r            <\/li>\n                    <li class=\"wpuf-field-data wpuf-field-data-numeric_text_field\">\n                                    <label>Mida grup del projecte:<\/label>\n                                4            <\/li>\n                    <li class=\"wpuf-field-data wpuf-field-data-numeric_text_field\">\n                                    <label>Durada (setmanes):<\/label>\n                                12            <\/li>\n                    <li class=\"wpuf-field-data wpuf-field-data-numeric_text_field\">\n                                    <label>Nombre de vegades que s&#039;ha implementat l&#039;APP:<\/label>\n                                12            <\/li>\n                    <li class=\"wpuf-field-data wpuf-field-data-numeric_text_field\">\n                                    <label>Any \u00faltima realitzaci\u00f3:<\/label>\n                                2023            <\/li>\n                    <li class=\"wpuf-field-data wpuf-field-data-numeric_text_field\">\n                                    <label>Percentatge dins l&#039;avaluaci\u00f3:<\/label>\n                                35            <\/li>\n                    <li class=\"wpuf-field-data wpuf-field-data-multiple_select\">\n                                    <label>Tipus d&#039;estudi:<\/label>\n                                M\u00e0ster en Enginyeria Industrial            <\/li>\n                    <li class=\"wpuf-field-data wpuf-field-data-multiple_select\">\n                                    <label>\u00c0mbits d&#039;aprenentatge:<\/label>\n                                Enginyeria i Arquitectura            <\/li>\n                    <li class=\"wpuf-field-data wpuf-field-data-textarea_field\">\n                                   <label>Programari:<\/label>\n                               <p>Excel<\/p>\n            <\/li>\n                     <li class=\"wpuf-field-data wpuf-field-data-textarea_field\">\n                                   <label>Descripci\u00f3 ampliada:<\/label>\n                               <p>potencials usuaris; empresaris; emprenedors<\/p>\n            <\/li>\n                     <li class=\"wpuf-field-data wpuf-field-data-text_field\">\n                                    <label>Resultats d&#039;aprenentatge (el qu\u00e8 l&#039;estudiant con\u00e8ixer\u00e0, comprendr\u00e0 o sabr\u00e0 fer despr\u00e9s de l&#039;APP):<\/label>\n                                Comprensi\u00f3 aplicada dels conceptes estrat\u00e8gics; Pensament cr\u00edtic i habilitats de resoluci\u00f3 de problemes; Col\u00b7laboraci\u00f3 i Comunicaci\u00f3            <\/li>\n                    <li class=\"wpuf-field-data wpuf-field-data-text_field\">\n                                    <label>Tasques de l&#039;alumne:<\/label>\n                                Cerca d&#039;informaci\u00f3; Aplicaci\u00f3 eines d&#039;an\u00e0lisi; Formulaci\u00f3 l\u00ednies d&#039;acci\u00f3            <\/li>\n                    <li class=\"wpuf-field-data wpuf-field-data-radio_field\">\n                                    <label>Lliuraments intermedis :<\/label>\n                                S\u00ed            <\/li>\n                    <li class=\"wpuf-field-data wpuf-field-data-checkbox_field\">\n                                    <label>Lliurables finals:<\/label>\n                                Mem\u00f2ria o projecte            <\/li>\n                    <li class=\"wpuf-field-data wpuf-field-data-radio_field\">\n                                    <label>Formaci\u00f3 del grup:<\/label>\n                                Realitzada pel professorat            <\/li>\n                    <li class=\"wpuf-field-data wpuf-field-data-radio_field\">\n                                    <label>Tasques individuals dins el projecte?:<\/label>\n                                No            <\/li>\n                    <li class=\"wpuf-field-data wpuf-field-data-radio_field\">\n                                    <label>Tutories obligat\u00f2ries:<\/label>\n                                No            <\/li>\n                    <li class=\"wpuf-field-data wpuf-field-data-radio_field\">\n                                    <label>Gesti\u00f3 de conflictes:<\/label>\n                                Entre alumnat i professorat            <\/li>\n                    <li class=\"wpuf-field-data wpuf-field-data-checkbox_field\">\n                                    <label>Tipus de classes relacionades amb l&#039;APP:<\/label>\n                                Classe expositiva | Classe pr\u00e0ctica (exercicis, an\u00e0lisi textos, resoluci\u00f3 casos, pr\u00e0ctiques en laboratoris i aula inform\u00e0tica, etc.) | Visites externes            <\/li>\n                    <li class=\"wpuf-field-data wpuf-field-data-checkbox_field\">\n                                    <label>Avaluaci\u00f3 realitzada per \u2026:<\/label>\n                                Avaluaci\u00f3 per part del professorat | Avaluaci\u00f3 per agents externs            <\/li>\n                    <li class=\"wpuf-field-data wpuf-field-data-radio_field\">\n                                    <label>Avaluaci\u00f3 intermedia:<\/label>\n                                S\u00ed            <\/li>\n                    <li class=\"wpuf-field-data wpuf-field-data-checkbox_field\">\n                                    <label>Avaluaci\u00f3 final:<\/label>\n                                Resultat final de l&#039;APP            <\/li>\n        <\/ul>","protected":false},"excerpt":{"rendered":"<p>L&#8217;objectiu principal del projecte de direcci\u00f3 estrat\u00e8gica \u00e9s integrar el coneixement te\u00f2ric amb l&#8217;aplicaci\u00f3 pr\u00e0ctica per abordar els reptes empresarials (de l\u00e0mbit de l&#8217;enginyeria i\/o industrials) del m\u00f3n real. T\u00e9 com a objectiu posar en pr\u00e0ctica les eines i les metodologies espec\u00edfiques d&#8217;aquesta assignatura mitjan\u00e7ant la implicaci\u00f3 dels estudiants en escenaris pr\u00e0ctics de resoluci\u00f3 de problemes. Els projectes estan dissenyats per fomentar el pensament cr\u00edtic, les habilitats anal\u00edtiques i la capacitat de presa de decisions en un context estrat\u00e8gic. <\/p>\n","protected":false},"author":15,"featured_media":631,"comment_status":"open","ping_status":"open","sticky":false,"template":"","format":"standard","meta":{"_et_pb_use_builder":"","_et_pb_old_content":"","_et_gb_content_width":"","footnotes":""},"categories":[81],"tags":[30,18,31,16,29],"class_list":["post-465","post","type-post","status-publish","format-standard","has-post-thumbnail","hentry","category-enginyeria-en-tecnologies-industrials","tag-desenvolupament","tag-empresa","tag-enginyeria","tag-estrategia","tag-innovacio"],"_links":{"self":[{"href":"https:\/\/epsapps.udg.edu\/experia\/wp-json\/wp\/v2\/posts\/465","targetHints":{"allow":["GET"]}}],"collection":[{"href":"https:\/\/epsapps.udg.edu\/experia\/wp-json\/wp\/v2\/posts"}],"about":[{"href":"https:\/\/epsapps.udg.edu\/experia\/wp-json\/wp\/v2\/types\/post"}],"author":[{"embeddable":true,"href":"https:\/\/epsapps.udg.edu\/experia\/wp-json\/wp\/v2\/users\/15"}],"replies":[{"embeddable":true,"href":"https:\/\/epsapps.udg.edu\/experia\/wp-json\/wp\/v2\/comments?post=465"}],"version-history":[{"count":2,"href":"https:\/\/epsapps.udg.edu\/experia\/wp-json\/wp\/v2\/posts\/465\/revisions"}],"predecessor-version":[{"id":668,"href":"https:\/\/epsapps.udg.edu\/experia\/wp-json\/wp\/v2\/posts\/465\/revisions\/668"}],"wp:featuredmedia":[{"embeddable":true,"href":"https:\/\/epsapps.udg.edu\/experia\/wp-json\/wp\/v2\/media\/631"}],"wp:attachment":[{"href":"https:\/\/epsapps.udg.edu\/experia\/wp-json\/wp\/v2\/media?parent=465"}],"wp:term":[{"taxonomy":"category","embeddable":true,"href":"https:\/\/epsapps.udg.edu\/experia\/wp-json\/wp\/v2\/categories?post=465"},{"taxonomy":"post_tag","embeddable":true,"href":"https:\/\/epsapps.udg.edu\/experia\/wp-json\/wp\/v2\/tags?post=465"}],"curies":[{"name":"wp","href":"https:\/\/api.w.org\/{rel}","templated":true}]}}