{"id":9255,"date":"2025-10-24T09:30:38","date_gmt":"2025-10-24T07:30:38","guid":{"rendered":"https:\/\/epsapps.udg.edu\/cidsav\/?p=9255"},"modified":"2025-10-24T09:31:43","modified_gmt":"2025-10-24T07:31:43","slug":"participacion-del-cidsav-en-el-workshop-agrifood-tech","status":"publish","type":"post","link":"https:\/\/epsapps.udg.edu\/cidsav\/es\/participacion-del-cidsav-en-el-workshop-agrifood-tech\/","title":{"rendered":"Participaci\u00f3n del CIDSAV en el Workshop Agrifood-Tech"},"content":{"rendered":"\t\t<div data-elementor-type=\"wp-post\" data-elementor-id=\"9255\" class=\"elementor elementor-9255\">\n\t\t\t\t\t\t<section class=\"elementor-section elementor-top-section elementor-element elementor-element-466b3f3b elementor-section-boxed elementor-section-height-default elementor-section-height-default\" data-id=\"466b3f3b\" data-element_type=\"section\" data-e-type=\"section\">\n\t\t\t\t\t\t<div class=\"elementor-container elementor-column-gap-default\">\n\t\t\t\t\t<div class=\"elementor-column elementor-col-100 elementor-top-column elementor-element elementor-element-6a538292\" data-id=\"6a538292\" data-element_type=\"column\" data-e-type=\"column\">\n\t\t\t<div class=\"elementor-widget-wrap elementor-element-populated\">\n\t\t\t\t\t\t<div class=\"elementor-element elementor-element-716c6df9 elementor-widget elementor-widget-image\" data-id=\"716c6df9\" data-element_type=\"widget\" data-e-type=\"widget\" data-widget_type=\"image.default\">\n\t\t\t\t<div class=\"elementor-widget-container\">\n\t\t\t\t\t\t\t\t\t\t\t\t\t\t\t<img fetchpriority=\"high\" decoding=\"async\" width=\"1024\" height=\"725\" src=\"https:\/\/epsapps.udg.edu\/cidsav\/wp-content\/uploads\/2025\/10\/Angrifood2025.webp\" class=\"attachment-large size-large wp-image-9249\" alt=\"\" srcset=\"https:\/\/epsapps.udg.edu\/cidsav\/wp-content\/uploads\/2025\/10\/Angrifood2025.webp 1025w, https:\/\/epsapps.udg.edu\/cidsav\/wp-content\/uploads\/2025\/10\/Angrifood2025-300x212.webp 300w, https:\/\/epsapps.udg.edu\/cidsav\/wp-content\/uploads\/2025\/10\/Angrifood2025-768x544.webp 768w, https:\/\/epsapps.udg.edu\/cidsav\/wp-content\/uploads\/2025\/10\/Angrifood2025-1000x708.webp 1000w, https:\/\/epsapps.udg.edu\/cidsav\/wp-content\/uploads\/2025\/10\/Angrifood2025-230x163.webp 230w, https:\/\/epsapps.udg.edu\/cidsav\/wp-content\/uploads\/2025\/10\/Angrifood2025-350x248.webp 350w, https:\/\/epsapps.udg.edu\/cidsav\/wp-content\/uploads\/2025\/10\/Angrifood2025-480x340.webp 480w\" sizes=\"(max-width: 1024px) 100vw, 1024px\" \/>\t\t\t\t\t\t\t\t\t\t\t\t\t\t\t<\/div>\n\t\t\t\t<\/div>\n\t\t\t\t<div class=\"elementor-element elementor-element-28991d15 elementor-widget-divider--view-line elementor-widget elementor-widget-divider\" data-id=\"28991d15\" data-element_type=\"widget\" data-e-type=\"widget\" data-widget_type=\"divider.default\">\n\t\t\t\t<div class=\"elementor-widget-container\">\n\t\t\t\t\t\t\t<div class=\"elementor-divider\">\n\t\t\t<span class=\"elementor-divider-separator\">\n\t\t\t\t\t\t<\/span>\n\t\t<\/div>\n\t\t\t\t\t\t<\/div>\n\t\t\t\t<\/div>\n\t\t\t\t<div class=\"elementor-element elementor-element-5353370b elementor-widget elementor-widget-text-editor\" data-id=\"5353370b\" data-element_type=\"widget\" data-e-type=\"widget\" data-widget_type=\"text-editor.default\">\n\t\t\t\t<div class=\"elementor-widget-container\">\n\t\t\t\t\t\t\t\t\t<p style=\"text-align: justify;\">El 23 de octubre, Anna Bonaterra, directora del CIDSAV, asisti\u00f3 al workshop Agrifood Tech. La jornada fue organizada por la <strong>asociaci\u00f3n TECNIO<\/strong> en colaboraci\u00f3n con la Universidad de Barcelona (UAB) y con el soporte de la Generalitat de Catalu\u00f1a. El evento, que tuvo lugar en el parque de Investigaci\u00f3n de la UAB, tuvo como objetivo el establecimiento de conexiones con las empresas del sector agroalimentario.<\/p><p style=\"text-align: justify;\">Representantes de innovaci\u00f3n de empresas y especialistas en desarrollo de tecnolog\u00eda TECNIO trabajaron conjuntamente para identificar las principales cadenas de valor, los retos y las soluciones a las necesidades de las industrias.<\/p><p style=\"text-align: justify;\">La jornada se organiz\u00f3 en distintas tablas tem\u00e1ticas focalizadas en: i) gesti\u00f3n del suelo y agricultura de precisi\u00f3n, ii) sostenibilidad agroalimentaria, iii) envasado, conservaci\u00f3n de los alimentos y seguridad alimentaria, iv) transformaci\u00f3n de alimentos y v) transformaci\u00f3n digital agroalimentaria.<\/p>\t\t\t\t\t\t\t\t<\/div>\n\t\t\t\t<\/div>\n\t\t\t\t<div class=\"elementor-element elementor-element-5871d4ce elementor-widget-divider--view-line elementor-widget elementor-widget-divider\" data-id=\"5871d4ce\" data-element_type=\"widget\" data-e-type=\"widget\" data-widget_type=\"divider.default\">\n\t\t\t\t<div class=\"elementor-widget-container\">\n\t\t\t\t\t\t\t<div class=\"elementor-divider\">\n\t\t\t<span class=\"elementor-divider-separator\">\n\t\t\t\t\t\t<\/span>\n\t\t<\/div>\n\t\t\t\t\t\t<\/div>\n\t\t\t\t<\/div>\n\t\t\t\t\t<\/div>\n\t\t<\/div>\n\t\t\t\t\t<\/div>\n\t\t<\/section>\n\t\t\t\t<section class=\"elementor-section elementor-top-section elementor-element elementor-element-3fbffb20 elementor-section-boxed elementor-section-height-default elementor-section-height-default\" data-id=\"3fbffb20\" data-element_type=\"section\" data-e-type=\"section\">\n\t\t\t\t\t\t<div class=\"elementor-container elementor-column-gap-default\">\n\t\t\t\t\t<div class=\"elementor-column elementor-col-100 elementor-top-column elementor-element elementor-element-51ef92ff\" data-id=\"51ef92ff\" data-element_type=\"column\" data-e-type=\"column\">\n\t\t\t<div class=\"elementor-widget-wrap elementor-element-populated\">\n\t\t\t\t\t\t<div class=\"elementor-element elementor-element-79dd6c11 elementor-widget elementor-widget-wp-widget-recent-posts\" data-id=\"79dd6c11\" data-element_type=\"widget\" data-e-type=\"widget\" data-widget_type=\"wp-widget-recent-posts.default\">\n\t\t\t\t<div class=\"elementor-widget-container\">\n\t\t\t\t\t\n\t\t\n\t\t<h5>DARRERES NOT\u00cdCIES<\/h5>\n\t\t<ul>\n\t\t\t\t\t\t\t\t\t\t\t<li>\n\t\t\t\t\t<a href=\"https:\/\/epsapps.udg.edu\/cidsav\/en\/invited-presentation-by-cidsav-at-the-xylella-seminars\/\">Invited presentation by CIDSAV at the Xylella Seminars<\/a>\n\t\t\t\t\t\t\t\t\t\t\t<span class=\"post-date\">4 marzo, 2026<\/span>\n\t\t\t\t\t\t\t\t\t<\/li>\n\t\t\t\t\t\t\t\t\t\t\t<li>\n\t\t\t\t\t<a href=\"https:\/\/epsapps.udg.edu\/cidsav\/es\/ponencia-invitada-del-cidsav-a-los-xylella-seminars-2\/\">Ponencia invitada del CIDSAV a los Xylella Seminars<\/a>\n\t\t\t\t\t\t\t\t\t\t\t<span class=\"post-date\">4 marzo, 2026<\/span>\n\t\t\t\t\t\t\t\t\t<\/li>\n\t\t\t\t\t\t\t\t\t\t\t<li>\n\t\t\t\t\t<a href=\"https:\/\/epsapps.udg.edu\/cidsav\/ponencia-convidada-del-cidsav-als-xylella-seminars\/\">Pon\u00e8ncia convidada del CIDSAV als Xylella Seminars<\/a>\n\t\t\t\t\t\t\t\t\t\t\t<span class=\"post-date\">4 marzo, 2026<\/span>\n\t\t\t\t\t\t\t\t\t<\/li>\n\t\t\t\t\t\t\t\t\t\t\t<li>\n\t\t\t\t\t<a href=\"https:\/\/epsapps.udg.edu\/cidsav\/en\/cidsav-presents-advances-in-powdery-mildew-control-using-ultraviolet-radiation-at-the-viticulture-and-enology-symposium\/\">CIDSAV presents advances in powdery mildew control using ultraviolet radiation at the Viticulture and Enology Symposium<\/a>\n\t\t\t\t\t\t\t\t\t\t\t<span class=\"post-date\">26 febrero, 2026<\/span>\n\t\t\t\t\t\t\t\t\t<\/li>\n\t\t\t\t\t\t\t\t\t\t\t<li>\n\t\t\t\t\t<a href=\"https:\/\/epsapps.udg.edu\/cidsav\/es\/el-cidsav-presenta-avances-en-el-control-del-oidio-mediante-radiacion-ultravioleta-en-el-simposio-de-viticultura-y-enologia\/\">El CIDSAV presenta avances en el control del o\u00eddio mediante radiaci\u00f3n ultravioleta en el Simposio de Viticultura y Enolog\u00eda<\/a>\n\t\t\t\t\t\t\t\t\t\t\t<span class=\"post-date\">26 febrero, 2026<\/span>\n\t\t\t\t\t\t\t\t\t<\/li>\n\t\t\t\t\t<\/ul>\n\n\t\t\t\t\t\t<\/div>\n\t\t\t\t<\/div>\n\t\t\t\t\t<\/div>\n\t\t<\/div>\n\t\t\t\t\t<\/div>\n\t\t<\/section>\n\t\t\t\t<\/div>\n\t\t","protected":false},"excerpt":{"rendered":"<p>El 23 de octubre, Anna Bonaterra, directora del CIDSAV, asisti\u00f3 al workshop Agrifood Tech. La jornada fue organizada por la asociaci\u00f3n TECNIO en colaboraci\u00f3n con [&hellip;]<\/p>\n","protected":false},"author":1,"featured_media":9249,"comment_status":"closed","ping_status":"open","sticky":false,"template":"post-templates\/post_nosidebar.php","format":"standard","meta":{"_uag_custom_page_level_css":"","footnotes":""},"categories":[72],"tags":[],"class_list":["post-9255","post","type-post","status-publish","format-standard","has-post-thumbnail","hentry","category-sin-noticias-es"],"yoast_head":"<!-- This site is optimized with the Yoast SEO plugin v27.4 - https:\/\/yoast.com\/product\/yoast-seo-wordpress\/ -->\n<title>Participaci\u00f3n del CIDSAV en el Workshop Agrifood-Tech<\/title>\n<meta name=\"robots\" content=\"index, follow, max-snippet:-1, max-image-preview:large, max-video-preview:-1\" \/>\n<link rel=\"canonical\" href=\"https:\/\/epsapps.udg.edu\/cidsav\/es\/participacion-del-cidsav-en-el-workshop-agrifood-tech\/\" \/>\n<meta property=\"og:locale\" content=\"es_ES\" \/>\n<meta property=\"og:type\" content=\"article\" \/>\n<meta property=\"og:title\" content=\"Participaci\u00f3n del CIDSAV en el Workshop Agrifood-Tech\" \/>\n<meta property=\"og:description\" content=\"El 23 de octubre, Anna Bonaterra, directora del CIDSAV, asisti\u00f3 al workshop Agrifood Tech. La jornada fue organizada por la asociaci\u00f3n TECNIO en colaboraci\u00f3n con [&hellip;]\" \/>\n<meta property=\"og:url\" content=\"https:\/\/epsapps.udg.edu\/cidsav\/es\/participacion-del-cidsav-en-el-workshop-agrifood-tech\/\" \/>\n<meta property=\"og:site_name\" content=\"CIDSAV\" \/>\n<meta property=\"article:published_time\" content=\"2025-10-24T07:30:38+00:00\" \/>\n<meta property=\"article:modified_time\" content=\"2025-10-24T07:31:43+00:00\" \/>\n<meta property=\"og:image\" content=\"https:\/\/epsapps.udg.edu\/cidsav\/wp-content\/uploads\/2025\/10\/Angrifood2025.webp\" \/>\n\t<meta property=\"og:image:width\" content=\"1025\" \/>\n\t<meta property=\"og:image:height\" content=\"726\" \/>\n\t<meta property=\"og:image:type\" content=\"image\/webp\" \/>\n<meta name=\"author\" content=\"Cidsav\" \/>\n<meta name=\"twitter:card\" content=\"summary_large_image\" \/>\n<meta name=\"twitter:label1\" content=\"Escrito por\" \/>\n\t<meta name=\"twitter:data1\" content=\"Cidsav\" \/>\n\t<meta name=\"twitter:label2\" content=\"Tiempo de lectura\" \/>\n\t<meta name=\"twitter:data2\" content=\"1 minuto\" \/>\n<script type=\"application\/ld+json\" class=\"yoast-schema-graph\">{\"@context\":\"https:\\\/\\\/schema.org\",\"@graph\":[{\"@type\":\"Article\",\"@id\":\"https:\\\/\\\/epsapps.udg.edu\\\/cidsav\\\/es\\\/participacion-del-cidsav-en-el-workshop-agrifood-tech\\\/#article\",\"isPartOf\":{\"@id\":\"https:\\\/\\\/epsapps.udg.edu\\\/cidsav\\\/es\\\/participacion-del-cidsav-en-el-workshop-agrifood-tech\\\/\"},\"author\":{\"name\":\"Cidsav\",\"@id\":\"https:\\\/\\\/epsapps.udg.edu\\\/cidsav\\\/#\\\/schema\\\/person\\\/883528511e500c7e80ba4277581a1af5\"},\"headline\":\"Participaci\u00f3n del CIDSAV en el Workshop Agrifood-Tech\",\"datePublished\":\"2025-10-24T07:30:38+00:00\",\"dateModified\":\"2025-10-24T07:31:43+00:00\",\"mainEntityOfPage\":{\"@id\":\"https:\\\/\\\/epsapps.udg.edu\\\/cidsav\\\/es\\\/participacion-del-cidsav-en-el-workshop-agrifood-tech\\\/\"},\"wordCount\":155,\"publisher\":{\"@id\":\"https:\\\/\\\/epsapps.udg.edu\\\/cidsav\\\/#organization\"},\"image\":{\"@id\":\"https:\\\/\\\/epsapps.udg.edu\\\/cidsav\\\/es\\\/participacion-del-cidsav-en-el-workshop-agrifood-tech\\\/#primaryimage\"},\"thumbnailUrl\":\"https:\\\/\\\/epsapps.udg.edu\\\/cidsav\\\/wp-content\\\/uploads\\\/2025\\\/10\\\/Angrifood2025.webp\",\"articleSection\":[\"Noticias\"],\"inLanguage\":\"es\"},{\"@type\":\"WebPage\",\"@id\":\"https:\\\/\\\/epsapps.udg.edu\\\/cidsav\\\/es\\\/participacion-del-cidsav-en-el-workshop-agrifood-tech\\\/\",\"url\":\"https:\\\/\\\/epsapps.udg.edu\\\/cidsav\\\/es\\\/participacion-del-cidsav-en-el-workshop-agrifood-tech\\\/\",\"name\":\"Participaci\u00f3n del CIDSAV en el Workshop Agrifood-Tech\",\"isPartOf\":{\"@id\":\"https:\\\/\\\/epsapps.udg.edu\\\/cidsav\\\/#website\"},\"primaryImageOfPage\":{\"@id\":\"https:\\\/\\\/epsapps.udg.edu\\\/cidsav\\\/es\\\/participacion-del-cidsav-en-el-workshop-agrifood-tech\\\/#primaryimage\"},\"image\":{\"@id\":\"https:\\\/\\\/epsapps.udg.edu\\\/cidsav\\\/es\\\/participacion-del-cidsav-en-el-workshop-agrifood-tech\\\/#primaryimage\"},\"thumbnailUrl\":\"https:\\\/\\\/epsapps.udg.edu\\\/cidsav\\\/wp-content\\\/uploads\\\/2025\\\/10\\\/Angrifood2025.webp\",\"datePublished\":\"2025-10-24T07:30:38+00:00\",\"dateModified\":\"2025-10-24T07:31:43+00:00\",\"breadcrumb\":{\"@id\":\"https:\\\/\\\/epsapps.udg.edu\\\/cidsav\\\/es\\\/participacion-del-cidsav-en-el-workshop-agrifood-tech\\\/#breadcrumb\"},\"inLanguage\":\"es\",\"potentialAction\":[{\"@type\":\"ReadAction\",\"target\":[\"https:\\\/\\\/epsapps.udg.edu\\\/cidsav\\\/es\\\/participacion-del-cidsav-en-el-workshop-agrifood-tech\\\/\"]}]},{\"@type\":\"ImageObject\",\"inLanguage\":\"es\",\"@id\":\"https:\\\/\\\/epsapps.udg.edu\\\/cidsav\\\/es\\\/participacion-del-cidsav-en-el-workshop-agrifood-tech\\\/#primaryimage\",\"url\":\"https:\\\/\\\/epsapps.udg.edu\\\/cidsav\\\/wp-content\\\/uploads\\\/2025\\\/10\\\/Angrifood2025.webp\",\"contentUrl\":\"https:\\\/\\\/epsapps.udg.edu\\\/cidsav\\\/wp-content\\\/uploads\\\/2025\\\/10\\\/Angrifood2025.webp\",\"width\":1025,\"height\":726},{\"@type\":\"BreadcrumbList\",\"@id\":\"https:\\\/\\\/epsapps.udg.edu\\\/cidsav\\\/es\\\/participacion-del-cidsav-en-el-workshop-agrifood-tech\\\/#breadcrumb\",\"itemListElement\":[{\"@type\":\"ListItem\",\"position\":1,\"name\":\"Portada\",\"item\":\"https:\\\/\\\/epsapps.udg.edu\\\/cidsav\\\/\"},{\"@type\":\"ListItem\",\"position\":2,\"name\":\"Participaci\u00f3n del CIDSAV en el Workshop Agrifood-Tech\"}]},{\"@type\":\"WebSite\",\"@id\":\"https:\\\/\\\/epsapps.udg.edu\\\/cidsav\\\/#website\",\"url\":\"https:\\\/\\\/epsapps.udg.edu\\\/cidsav\\\/\",\"name\":\"CIDSAV\",\"description\":\"\",\"publisher\":{\"@id\":\"https:\\\/\\\/epsapps.udg.edu\\\/cidsav\\\/#organization\"},\"potentialAction\":[{\"@type\":\"SearchAction\",\"target\":{\"@type\":\"EntryPoint\",\"urlTemplate\":\"https:\\\/\\\/epsapps.udg.edu\\\/cidsav\\\/?s={search_term_string}\"},\"query-input\":{\"@type\":\"PropertyValueSpecification\",\"valueRequired\":true,\"valueName\":\"search_term_string\"}}],\"inLanguage\":\"es\"},{\"@type\":\"Organization\",\"@id\":\"https:\\\/\\\/epsapps.udg.edu\\\/cidsav\\\/#organization\",\"name\":\"CIDSAV\",\"url\":\"https:\\\/\\\/epsapps.udg.edu\\\/cidsav\\\/\",\"logo\":{\"@type\":\"ImageObject\",\"inLanguage\":\"es\",\"@id\":\"https:\\\/\\\/epsapps.udg.edu\\\/cidsav\\\/#\\\/schema\\\/logo\\\/image\\\/\",\"url\":\"https:\\\/\\\/epsapps.udg.edu\\\/cidsav\\\/wp-content\\\/uploads\\\/2019\\\/09\\\/Logo-3-idomes-CIDSAV-verd-03.png\",\"contentUrl\":\"https:\\\/\\\/epsapps.udg.edu\\\/cidsav\\\/wp-content\\\/uploads\\\/2019\\\/09\\\/Logo-3-idomes-CIDSAV-verd-03.png\",\"width\":1181,\"height\":1054,\"caption\":\"CIDSAV\"},\"image\":{\"@id\":\"https:\\\/\\\/epsapps.udg.edu\\\/cidsav\\\/#\\\/schema\\\/logo\\\/image\\\/\"},\"sameAs\":[\"https:\\\/\\\/www.instagram.com\\\/cidsav_udg\\\/?igsh=eDU0dzNpc2JzdG8y#\"]},{\"@type\":\"Person\",\"@id\":\"https:\\\/\\\/epsapps.udg.edu\\\/cidsav\\\/#\\\/schema\\\/person\\\/883528511e500c7e80ba4277581a1af5\",\"name\":\"Cidsav\",\"image\":{\"@type\":\"ImageObject\",\"inLanguage\":\"es\",\"@id\":\"https:\\\/\\\/secure.gravatar.com\\\/avatar\\\/edc98cd42455437cc862f126c154af7f452d3d0d6083e36036042fb12f5236f9?s=96&d=mm&r=g\",\"url\":\"https:\\\/\\\/secure.gravatar.com\\\/avatar\\\/edc98cd42455437cc862f126c154af7f452d3d0d6083e36036042fb12f5236f9?s=96&d=mm&r=g\",\"contentUrl\":\"https:\\\/\\\/secure.gravatar.com\\\/avatar\\\/edc98cd42455437cc862f126c154af7f452d3d0d6083e36036042fb12f5236f9?s=96&d=mm&r=g\",\"caption\":\"Cidsav\"}}]}<\/script>\n<!-- \/ Yoast SEO plugin. -->","yoast_head_json":{"title":"Participaci\u00f3n del CIDSAV en el Workshop Agrifood-Tech","robots":{"index":"index","follow":"follow","max-snippet":"max-snippet:-1","max-image-preview":"max-image-preview:large","max-video-preview":"max-video-preview:-1"},"canonical":"https:\/\/epsapps.udg.edu\/cidsav\/es\/participacion-del-cidsav-en-el-workshop-agrifood-tech\/","og_locale":"es_ES","og_type":"article","og_title":"Participaci\u00f3n del CIDSAV en el Workshop Agrifood-Tech","og_description":"El 23 de octubre, Anna Bonaterra, directora del CIDSAV, asisti\u00f3 al workshop Agrifood Tech. La jornada fue organizada por la asociaci\u00f3n TECNIO en colaboraci\u00f3n con [&hellip;]","og_url":"https:\/\/epsapps.udg.edu\/cidsav\/es\/participacion-del-cidsav-en-el-workshop-agrifood-tech\/","og_site_name":"CIDSAV","article_published_time":"2025-10-24T07:30:38+00:00","article_modified_time":"2025-10-24T07:31:43+00:00","og_image":[{"width":1025,"height":726,"url":"https:\/\/epsapps.udg.edu\/cidsav\/wp-content\/uploads\/2025\/10\/Angrifood2025.webp","type":"image\/webp"}],"author":"Cidsav","twitter_card":"summary_large_image","twitter_misc":{"Escrito por":"Cidsav","Tiempo de lectura":"1 minuto"},"schema":{"@context":"https:\/\/schema.org","@graph":[{"@type":"Article","@id":"https:\/\/epsapps.udg.edu\/cidsav\/es\/participacion-del-cidsav-en-el-workshop-agrifood-tech\/#article","isPartOf":{"@id":"https:\/\/epsapps.udg.edu\/cidsav\/es\/participacion-del-cidsav-en-el-workshop-agrifood-tech\/"},"author":{"name":"Cidsav","@id":"https:\/\/epsapps.udg.edu\/cidsav\/#\/schema\/person\/883528511e500c7e80ba4277581a1af5"},"headline":"Participaci\u00f3n del CIDSAV en el Workshop Agrifood-Tech","datePublished":"2025-10-24T07:30:38+00:00","dateModified":"2025-10-24T07:31:43+00:00","mainEntityOfPage":{"@id":"https:\/\/epsapps.udg.edu\/cidsav\/es\/participacion-del-cidsav-en-el-workshop-agrifood-tech\/"},"wordCount":155,"publisher":{"@id":"https:\/\/epsapps.udg.edu\/cidsav\/#organization"},"image":{"@id":"https:\/\/epsapps.udg.edu\/cidsav\/es\/participacion-del-cidsav-en-el-workshop-agrifood-tech\/#primaryimage"},"thumbnailUrl":"https:\/\/epsapps.udg.edu\/cidsav\/wp-content\/uploads\/2025\/10\/Angrifood2025.webp","articleSection":["Noticias"],"inLanguage":"es"},{"@type":"WebPage","@id":"https:\/\/epsapps.udg.edu\/cidsav\/es\/participacion-del-cidsav-en-el-workshop-agrifood-tech\/","url":"https:\/\/epsapps.udg.edu\/cidsav\/es\/participacion-del-cidsav-en-el-workshop-agrifood-tech\/","name":"Participaci\u00f3n del CIDSAV en el Workshop Agrifood-Tech","isPartOf":{"@id":"https:\/\/epsapps.udg.edu\/cidsav\/#website"},"primaryImageOfPage":{"@id":"https:\/\/epsapps.udg.edu\/cidsav\/es\/participacion-del-cidsav-en-el-workshop-agrifood-tech\/#primaryimage"},"image":{"@id":"https:\/\/epsapps.udg.edu\/cidsav\/es\/participacion-del-cidsav-en-el-workshop-agrifood-tech\/#primaryimage"},"thumbnailUrl":"https:\/\/epsapps.udg.edu\/cidsav\/wp-content\/uploads\/2025\/10\/Angrifood2025.webp","datePublished":"2025-10-24T07:30:38+00:00","dateModified":"2025-10-24T07:31:43+00:00","breadcrumb":{"@id":"https:\/\/epsapps.udg.edu\/cidsav\/es\/participacion-del-cidsav-en-el-workshop-agrifood-tech\/#breadcrumb"},"inLanguage":"es","potentialAction":[{"@type":"ReadAction","target":["https:\/\/epsapps.udg.edu\/cidsav\/es\/participacion-del-cidsav-en-el-workshop-agrifood-tech\/"]}]},{"@type":"ImageObject","inLanguage":"es","@id":"https:\/\/epsapps.udg.edu\/cidsav\/es\/participacion-del-cidsav-en-el-workshop-agrifood-tech\/#primaryimage","url":"https:\/\/epsapps.udg.edu\/cidsav\/wp-content\/uploads\/2025\/10\/Angrifood2025.webp","contentUrl":"https:\/\/epsapps.udg.edu\/cidsav\/wp-content\/uploads\/2025\/10\/Angrifood2025.webp","width":1025,"height":726},{"@type":"BreadcrumbList","@id":"https:\/\/epsapps.udg.edu\/cidsav\/es\/participacion-del-cidsav-en-el-workshop-agrifood-tech\/#breadcrumb","itemListElement":[{"@type":"ListItem","position":1,"name":"Portada","item":"https:\/\/epsapps.udg.edu\/cidsav\/"},{"@type":"ListItem","position":2,"name":"Participaci\u00f3n del CIDSAV en el Workshop Agrifood-Tech"}]},{"@type":"WebSite","@id":"https:\/\/epsapps.udg.edu\/cidsav\/#website","url":"https:\/\/epsapps.udg.edu\/cidsav\/","name":"CIDSAV","description":"","publisher":{"@id":"https:\/\/epsapps.udg.edu\/cidsav\/#organization"},"potentialAction":[{"@type":"SearchAction","target":{"@type":"EntryPoint","urlTemplate":"https:\/\/epsapps.udg.edu\/cidsav\/?s={search_term_string}"},"query-input":{"@type":"PropertyValueSpecification","valueRequired":true,"valueName":"search_term_string"}}],"inLanguage":"es"},{"@type":"Organization","@id":"https:\/\/epsapps.udg.edu\/cidsav\/#organization","name":"CIDSAV","url":"https:\/\/epsapps.udg.edu\/cidsav\/","logo":{"@type":"ImageObject","inLanguage":"es","@id":"https:\/\/epsapps.udg.edu\/cidsav\/#\/schema\/logo\/image\/","url":"https:\/\/epsapps.udg.edu\/cidsav\/wp-content\/uploads\/2019\/09\/Logo-3-idomes-CIDSAV-verd-03.png","contentUrl":"https:\/\/epsapps.udg.edu\/cidsav\/wp-content\/uploads\/2019\/09\/Logo-3-idomes-CIDSAV-verd-03.png","width":1181,"height":1054,"caption":"CIDSAV"},"image":{"@id":"https:\/\/epsapps.udg.edu\/cidsav\/#\/schema\/logo\/image\/"},"sameAs":["https:\/\/www.instagram.com\/cidsav_udg\/?igsh=eDU0dzNpc2JzdG8y#"]},{"@type":"Person","@id":"https:\/\/epsapps.udg.edu\/cidsav\/#\/schema\/person\/883528511e500c7e80ba4277581a1af5","name":"Cidsav","image":{"@type":"ImageObject","inLanguage":"es","@id":"https:\/\/secure.gravatar.com\/avatar\/edc98cd42455437cc862f126c154af7f452d3d0d6083e36036042fb12f5236f9?s=96&d=mm&r=g","url":"https:\/\/secure.gravatar.com\/avatar\/edc98cd42455437cc862f126c154af7f452d3d0d6083e36036042fb12f5236f9?s=96&d=mm&r=g","contentUrl":"https:\/\/secure.gravatar.com\/avatar\/edc98cd42455437cc862f126c154af7f452d3d0d6083e36036042fb12f5236f9?s=96&d=mm&r=g","caption":"Cidsav"}}]}},"uagb_featured_image_src":{"full":["https:\/\/epsapps.udg.edu\/cidsav\/wp-content\/uploads\/2025\/10\/Angrifood2025.webp",1025,726,false],"thumbnail":["https:\/\/epsapps.udg.edu\/cidsav\/wp-content\/uploads\/2025\/10\/Angrifood2025-150x150.webp",150,150,true],"medium":["https:\/\/epsapps.udg.edu\/cidsav\/wp-content\/uploads\/2025\/10\/Angrifood2025-300x212.webp",300,212,true],"medium_large":["https:\/\/epsapps.udg.edu\/cidsav\/wp-content\/uploads\/2025\/10\/Angrifood2025-768x544.webp",768,544,true],"large":["https:\/\/epsapps.udg.edu\/cidsav\/wp-content\/uploads\/2025\/10\/Angrifood2025.webp",1024,725,false],"1536x1536":["https:\/\/epsapps.udg.edu\/cidsav\/wp-content\/uploads\/2025\/10\/Angrifood2025.webp",1025,726,false],"2048x2048":["https:\/\/epsapps.udg.edu\/cidsav\/wp-content\/uploads\/2025\/10\/Angrifood2025.webp",1025,726,false],"sydney-large-thumb":["https:\/\/epsapps.udg.edu\/cidsav\/wp-content\/uploads\/2025\/10\/Angrifood2025-1000x708.webp",1000,708,true],"sydney-medium-thumb":["https:\/\/epsapps.udg.edu\/cidsav\/wp-content\/uploads\/2025\/10\/Angrifood2025-550x400.webp",550,400,true],"sydney-small-thumb":["https:\/\/epsapps.udg.edu\/cidsav\/wp-content\/uploads\/2025\/10\/Angrifood2025-230x163.webp",230,163,true],"sydney-service-thumb":["https:\/\/epsapps.udg.edu\/cidsav\/wp-content\/uploads\/2025\/10\/Angrifood2025-350x248.webp",350,248,true],"sydney-mas-thumb":["https:\/\/epsapps.udg.edu\/cidsav\/wp-content\/uploads\/2025\/10\/Angrifood2025-480x340.webp",480,340,true]},"uagb_author_info":{"display_name":"Cidsav","author_link":"https:\/\/epsapps.udg.edu\/cidsav\/author\/cidsav0140\/"},"uagb_comment_info":0,"uagb_excerpt":"El 23 de octubre, Anna Bonaterra, directora del CIDSAV, asisti\u00f3 al workshop Agrifood Tech. La jornada fue organizada por la asociaci\u00f3n TECNIO en colaboraci\u00f3n con [&hellip;]","_links":{"self":[{"href":"https:\/\/epsapps.udg.edu\/cidsav\/wp-json\/wp\/v2\/posts\/9255","targetHints":{"allow":["GET"]}}],"collection":[{"href":"https:\/\/epsapps.udg.edu\/cidsav\/wp-json\/wp\/v2\/posts"}],"about":[{"href":"https:\/\/epsapps.udg.edu\/cidsav\/wp-json\/wp\/v2\/types\/post"}],"author":[{"embeddable":true,"href":"https:\/\/epsapps.udg.edu\/cidsav\/wp-json\/wp\/v2\/users\/1"}],"replies":[{"embeddable":true,"href":"https:\/\/epsapps.udg.edu\/cidsav\/wp-json\/wp\/v2\/comments?post=9255"}],"version-history":[{"count":0,"href":"https:\/\/epsapps.udg.edu\/cidsav\/wp-json\/wp\/v2\/posts\/9255\/revisions"}],"wp:featuredmedia":[{"embeddable":true,"href":"https:\/\/epsapps.udg.edu\/cidsav\/wp-json\/wp\/v2\/media\/9249"}],"wp:attachment":[{"href":"https:\/\/epsapps.udg.edu\/cidsav\/wp-json\/wp\/v2\/media?parent=9255"}],"wp:term":[{"taxonomy":"category","embeddable":true,"href":"https:\/\/epsapps.udg.edu\/cidsav\/wp-json\/wp\/v2\/categories?post=9255"},{"taxonomy":"post_tag","embeddable":true,"href":"https:\/\/epsapps.udg.edu\/cidsav\/wp-json\/wp\/v2\/tags?post=9255"}],"curies":[{"name":"wp","href":"https:\/\/api.w.org\/{rel}","templated":true}]}}