{"id":7927,"date":"2024-11-13T08:26:44","date_gmt":"2024-11-13T07:26:44","guid":{"rendered":"https:\/\/epsapps.udg.edu\/cidsav\/?p=7927"},"modified":"2025-01-14T11:46:43","modified_gmt":"2025-01-14T10:46:43","slug":"participacio-del-cidsav-a-la-jornada-recam-2024-a-la-universitat-de-barcelona","status":"publish","type":"post","link":"https:\/\/epsapps.udg.edu\/cidsav\/participacio-del-cidsav-a-la-jornada-recam-2024-a-la-universitat-de-barcelona\/","title":{"rendered":"Participaci\u00f3 del CIDSAV a la jornada RECAM 2024 a la Universitat de Barcelona"},"content":{"rendered":"\t\t<div data-elementor-type=\"wp-post\" data-elementor-id=\"7927\" class=\"elementor elementor-7927\">\n\t\t\t\t\t\t<section class=\"elementor-section elementor-top-section elementor-element elementor-element-279d220d elementor-section-boxed elementor-section-height-default elementor-section-height-default\" data-id=\"279d220d\" data-element_type=\"section\" data-e-type=\"section\">\n\t\t\t\t\t\t<div class=\"elementor-container elementor-column-gap-default\">\n\t\t\t\t\t<div class=\"elementor-column elementor-col-100 elementor-top-column elementor-element elementor-element-d8554c5\" data-id=\"d8554c5\" data-element_type=\"column\" data-e-type=\"column\">\n\t\t\t<div class=\"elementor-widget-wrap elementor-element-populated\">\n\t\t\t\t\t\t<div class=\"elementor-element elementor-element-57946604 elementor-widget elementor-widget-image\" data-id=\"57946604\" data-element_type=\"widget\" data-e-type=\"widget\" data-widget_type=\"image.default\">\n\t\t\t\t<div class=\"elementor-widget-container\">\n\t\t\t\t\t\t\t\t\t\t\t\t\t\t\t<img fetchpriority=\"high\" decoding=\"async\" width=\"1024\" height=\"725\" src=\"https:\/\/epsapps.udg.edu\/cidsav\/wp-content\/uploads\/2024\/11\/Recam-2024.jpg\" class=\"attachment-large size-large wp-image-7930\" alt=\"\" srcset=\"https:\/\/epsapps.udg.edu\/cidsav\/wp-content\/uploads\/2024\/11\/Recam-2024.jpg 1025w, https:\/\/epsapps.udg.edu\/cidsav\/wp-content\/uploads\/2024\/11\/Recam-2024-300x212.jpg 300w, https:\/\/epsapps.udg.edu\/cidsav\/wp-content\/uploads\/2024\/11\/Recam-2024-768x544.jpg 768w, https:\/\/epsapps.udg.edu\/cidsav\/wp-content\/uploads\/2024\/11\/Recam-2024-1000x708.jpg 1000w, https:\/\/epsapps.udg.edu\/cidsav\/wp-content\/uploads\/2024\/11\/Recam-2024-230x163.jpg 230w, https:\/\/epsapps.udg.edu\/cidsav\/wp-content\/uploads\/2024\/11\/Recam-2024-350x248.jpg 350w, https:\/\/epsapps.udg.edu\/cidsav\/wp-content\/uploads\/2024\/11\/Recam-2024-480x340.jpg 480w\" sizes=\"(max-width: 1024px) 100vw, 1024px\" \/>\t\t\t\t\t\t\t\t\t\t\t\t\t\t\t<\/div>\n\t\t\t\t<\/div>\n\t\t\t\t<div class=\"elementor-element elementor-element-2ace51ac elementor-widget-divider--view-line elementor-widget elementor-widget-divider\" data-id=\"2ace51ac\" data-element_type=\"widget\" data-e-type=\"widget\" data-widget_type=\"divider.default\">\n\t\t\t\t<div class=\"elementor-widget-container\">\n\t\t\t\t\t\t\t<div class=\"elementor-divider\">\n\t\t\t<span class=\"elementor-divider-separator\">\n\t\t\t\t\t\t<\/span>\n\t\t<\/div>\n\t\t\t\t\t\t<\/div>\n\t\t\t\t<\/div>\n\t\t\t\t<div class=\"elementor-element elementor-element-1a6684d8 elementor-widget elementor-widget-text-editor\" data-id=\"1a6684d8\" data-element_type=\"widget\" data-e-type=\"widget\" data-widget_type=\"text-editor.default\">\n\t\t\t\t<div class=\"elementor-widget-container\">\n\t\t\t\t\t\t\t\t\t<p style=\"text-align: justify;\">El Director del CIDSAV,\u00a0 l\u2019Emili Montesinos va assistir com a ponent invitat a la Reuni\u00f3 cient\u00edfica Anual de Microbiologia (RECAM 2024) que va tenir lloc el passat 8 de Novembre a la Facultat de Biologia de la Universitat de Barcelona. La seva pon\u00e8ncia, amb el t\u00edtol \u201cP\u00e8ptids funcionals de microorganismes per al control de les malalties de les plantes\u201d va descriure les diferents classes, or\u00edgens i principals funcions d\u2019aquests p\u00e8ptids.<\/p><p style=\"text-align: justify;\">A la xerrada, va citar exemples d\u2019aplicacions pr\u00e0ctiques d\u2019aquests p\u00e8ptids produ\u00efts per microorganismes, com ara el desenvolupament de biopesticides microbiol\u00f2gics i, m\u00e9s recentment, la utilitzaci\u00f3 de comunitats microbianes sint\u00e8tiques\u00a0 pel control de malalties i la promoci\u00f3 del creixement de les plantes . Per acabar la seva intervenci\u00f3 va destacar que con\u00e8ixer i entendre el paper del microbioma de les plantes pot proporcionar eines pel desenvolupament de noves estrat\u00e8gies en el maneig de les malalties de les plantes.<\/p>\t\t\t\t\t\t\t\t<\/div>\n\t\t\t\t<\/div>\n\t\t\t\t<div class=\"elementor-element elementor-element-4d75054e elementor-widget-divider--view-line elementor-widget elementor-widget-divider\" data-id=\"4d75054e\" data-element_type=\"widget\" data-e-type=\"widget\" data-widget_type=\"divider.default\">\n\t\t\t\t<div class=\"elementor-widget-container\">\n\t\t\t\t\t\t\t<div class=\"elementor-divider\">\n\t\t\t<span class=\"elementor-divider-separator\">\n\t\t\t\t\t\t<\/span>\n\t\t<\/div>\n\t\t\t\t\t\t<\/div>\n\t\t\t\t<\/div>\n\t\t\t\t\t<\/div>\n\t\t<\/div>\n\t\t\t\t\t<\/div>\n\t\t<\/section>\n\t\t\t\t<section class=\"elementor-section elementor-top-section elementor-element elementor-element-3dff6b7a elementor-section-boxed elementor-section-height-default elementor-section-height-default\" data-id=\"3dff6b7a\" data-element_type=\"section\" data-e-type=\"section\">\n\t\t\t\t\t\t<div class=\"elementor-container elementor-column-gap-default\">\n\t\t\t\t\t<div class=\"elementor-column elementor-col-100 elementor-top-column elementor-element elementor-element-bec749\" data-id=\"bec749\" data-element_type=\"column\" data-e-type=\"column\">\n\t\t\t<div class=\"elementor-widget-wrap elementor-element-populated\">\n\t\t\t\t\t\t<div class=\"elementor-element elementor-element-1c095b81 elementor-widget elementor-widget-wp-widget-recent-posts\" data-id=\"1c095b81\" data-element_type=\"widget\" data-e-type=\"widget\" data-widget_type=\"wp-widget-recent-posts.default\">\n\t\t\t\t<div class=\"elementor-widget-container\">\n\t\t\t\t\t\n\t\t\n\t\t<h5>DARRERES NOT\u00cdCIES<\/h5>\n\t\t<ul>\n\t\t\t\t\t\t\t\t\t\t\t<li>\n\t\t\t\t\t<a href=\"https:\/\/epsapps.udg.edu\/cidsav\/en\/invited-presentation-by-cidsav-at-the-xylella-seminars\/\">Invited presentation by CIDSAV at the Xylella Seminars<\/a>\n\t\t\t\t\t\t\t\t\t\t\t<span class=\"post-date\">4 marzo, 2026<\/span>\n\t\t\t\t\t\t\t\t\t<\/li>\n\t\t\t\t\t\t\t\t\t\t\t<li>\n\t\t\t\t\t<a href=\"https:\/\/epsapps.udg.edu\/cidsav\/es\/ponencia-invitada-del-cidsav-a-los-xylella-seminars-2\/\">Ponencia invitada del CIDSAV a los Xylella Seminars<\/a>\n\t\t\t\t\t\t\t\t\t\t\t<span class=\"post-date\">4 marzo, 2026<\/span>\n\t\t\t\t\t\t\t\t\t<\/li>\n\t\t\t\t\t\t\t\t\t\t\t<li>\n\t\t\t\t\t<a href=\"https:\/\/epsapps.udg.edu\/cidsav\/ponencia-convidada-del-cidsav-als-xylella-seminars\/\">Pon\u00e8ncia convidada del CIDSAV als Xylella Seminars<\/a>\n\t\t\t\t\t\t\t\t\t\t\t<span class=\"post-date\">4 marzo, 2026<\/span>\n\t\t\t\t\t\t\t\t\t<\/li>\n\t\t\t\t\t\t\t\t\t\t\t<li>\n\t\t\t\t\t<a href=\"https:\/\/epsapps.udg.edu\/cidsav\/en\/cidsav-presents-advances-in-powdery-mildew-control-using-ultraviolet-radiation-at-the-viticulture-and-enology-symposium\/\">CIDSAV presents advances in powdery mildew control using ultraviolet radiation at the Viticulture and Enology Symposium<\/a>\n\t\t\t\t\t\t\t\t\t\t\t<span class=\"post-date\">26 febrero, 2026<\/span>\n\t\t\t\t\t\t\t\t\t<\/li>\n\t\t\t\t\t\t\t\t\t\t\t<li>\n\t\t\t\t\t<a href=\"https:\/\/epsapps.udg.edu\/cidsav\/es\/el-cidsav-presenta-avances-en-el-control-del-oidio-mediante-radiacion-ultravioleta-en-el-simposio-de-viticultura-y-enologia\/\">El CIDSAV presenta avances en el control del o\u00eddio mediante radiaci\u00f3n ultravioleta en el Simposio de Viticultura y Enolog\u00eda<\/a>\n\t\t\t\t\t\t\t\t\t\t\t<span class=\"post-date\">26 febrero, 2026<\/span>\n\t\t\t\t\t\t\t\t\t<\/li>\n\t\t\t\t\t<\/ul>\n\n\t\t\t\t\t\t<\/div>\n\t\t\t\t<\/div>\n\t\t\t\t\t<\/div>\n\t\t<\/div>\n\t\t\t\t\t<\/div>\n\t\t<\/section>\n\t\t\t\t<\/div>\n\t\t","protected":false},"excerpt":{"rendered":"<p>El Director del CIDSAV,\u00a0 l\u2019Emili Montesinos va assistir com a ponent invitat a la Reuni\u00f3 cient\u00edfica Anual de Microbiologia (RECAM 2024) que va tenir lloc [&hellip;]<\/p>\n","protected":false},"author":1,"featured_media":7930,"comment_status":"closed","ping_status":"closed","sticky":false,"template":"post-templates\/post_nosidebar.php","format":"standard","meta":{"_uag_custom_page_level_css":"","footnotes":""},"categories":[70],"tags":[],"class_list":["post-7927","post","type-post","status-publish","format-standard","has-post-thumbnail","hentry","category-sin-noticies-cat"],"yoast_head":"<!-- This site is optimized with the Yoast SEO plugin v27.5 - https:\/\/yoast.com\/product\/yoast-seo-wordpress\/ -->\n<title>Participaci\u00f3 del CIDSAV a la jornada RECAM 2024 a la Universitat de Barcelona<\/title>\n<meta name=\"robots\" content=\"index, follow, max-snippet:-1, max-image-preview:large, max-video-preview:-1\" \/>\n<link rel=\"canonical\" href=\"https:\/\/epsapps.udg.edu\/cidsav\/participacio-del-cidsav-a-la-jornada-recam-2024-a-la-universitat-de-barcelona\/\" \/>\n<meta property=\"og:locale\" content=\"es_ES\" \/>\n<meta property=\"og:type\" content=\"article\" \/>\n<meta property=\"og:title\" content=\"Participaci\u00f3 del CIDSAV a la jornada RECAM 2024 a la Universitat de Barcelona\" \/>\n<meta property=\"og:description\" content=\"El Director del CIDSAV,\u00a0 l\u2019Emili Montesinos va assistir com a ponent invitat a la Reuni\u00f3 cient\u00edfica Anual de Microbiologia (RECAM 2024) que va tenir lloc [&hellip;]\" \/>\n<meta property=\"og:url\" content=\"https:\/\/epsapps.udg.edu\/cidsav\/participacio-del-cidsav-a-la-jornada-recam-2024-a-la-universitat-de-barcelona\/\" \/>\n<meta property=\"og:site_name\" content=\"CIDSAV\" \/>\n<meta property=\"article:published_time\" content=\"2024-11-13T07:26:44+00:00\" \/>\n<meta property=\"article:modified_time\" content=\"2025-01-14T10:46:43+00:00\" \/>\n<meta property=\"og:image\" content=\"https:\/\/epsapps.udg.edu\/cidsav\/wp-content\/uploads\/2024\/11\/Recam-2024.jpg\" \/>\n\t<meta property=\"og:image:width\" content=\"1025\" \/>\n\t<meta property=\"og:image:height\" content=\"726\" \/>\n\t<meta property=\"og:image:type\" content=\"image\/jpeg\" \/>\n<meta name=\"author\" content=\"Cidsav\" \/>\n<meta name=\"twitter:card\" content=\"summary_large_image\" \/>\n<meta name=\"twitter:label1\" content=\"Escrito por\" \/>\n\t<meta name=\"twitter:data1\" content=\"Cidsav\" \/>\n\t<meta name=\"twitter:label2\" content=\"Tiempo de lectura\" \/>\n\t<meta name=\"twitter:data2\" content=\"1 minuto\" \/>\n<script type=\"application\/ld+json\" class=\"yoast-schema-graph\">{\"@context\":\"https:\\\/\\\/schema.org\",\"@graph\":[{\"@type\":\"Article\",\"@id\":\"https:\\\/\\\/epsapps.udg.edu\\\/cidsav\\\/participacio-del-cidsav-a-la-jornada-recam-2024-a-la-universitat-de-barcelona\\\/#article\",\"isPartOf\":{\"@id\":\"https:\\\/\\\/epsapps.udg.edu\\\/cidsav\\\/participacio-del-cidsav-a-la-jornada-recam-2024-a-la-universitat-de-barcelona\\\/\"},\"author\":{\"name\":\"Cidsav\",\"@id\":\"https:\\\/\\\/epsapps.udg.edu\\\/cidsav\\\/#\\\/schema\\\/person\\\/883528511e500c7e80ba4277581a1af5\"},\"headline\":\"Participaci\u00f3 del CIDSAV a la jornada RECAM 2024 a la Universitat de Barcelona\",\"datePublished\":\"2024-11-13T07:26:44+00:00\",\"dateModified\":\"2025-01-14T10:46:43+00:00\",\"mainEntityOfPage\":{\"@id\":\"https:\\\/\\\/epsapps.udg.edu\\\/cidsav\\\/participacio-del-cidsav-a-la-jornada-recam-2024-a-la-universitat-de-barcelona\\\/\"},\"wordCount\":174,\"publisher\":{\"@id\":\"https:\\\/\\\/epsapps.udg.edu\\\/cidsav\\\/#organization\"},\"image\":{\"@id\":\"https:\\\/\\\/epsapps.udg.edu\\\/cidsav\\\/participacio-del-cidsav-a-la-jornada-recam-2024-a-la-universitat-de-barcelona\\\/#primaryimage\"},\"thumbnailUrl\":\"https:\\\/\\\/epsapps.udg.edu\\\/cidsav\\\/wp-content\\\/uploads\\\/2024\\\/11\\\/Recam-2024.jpg\",\"articleSection\":[\"Not\u00edcies\"],\"inLanguage\":\"es\"},{\"@type\":\"WebPage\",\"@id\":\"https:\\\/\\\/epsapps.udg.edu\\\/cidsav\\\/participacio-del-cidsav-a-la-jornada-recam-2024-a-la-universitat-de-barcelona\\\/\",\"url\":\"https:\\\/\\\/epsapps.udg.edu\\\/cidsav\\\/participacio-del-cidsav-a-la-jornada-recam-2024-a-la-universitat-de-barcelona\\\/\",\"name\":\"Participaci\u00f3 del CIDSAV a la jornada RECAM 2024 a la Universitat de Barcelona\",\"isPartOf\":{\"@id\":\"https:\\\/\\\/epsapps.udg.edu\\\/cidsav\\\/#website\"},\"primaryImageOfPage\":{\"@id\":\"https:\\\/\\\/epsapps.udg.edu\\\/cidsav\\\/participacio-del-cidsav-a-la-jornada-recam-2024-a-la-universitat-de-barcelona\\\/#primaryimage\"},\"image\":{\"@id\":\"https:\\\/\\\/epsapps.udg.edu\\\/cidsav\\\/participacio-del-cidsav-a-la-jornada-recam-2024-a-la-universitat-de-barcelona\\\/#primaryimage\"},\"thumbnailUrl\":\"https:\\\/\\\/epsapps.udg.edu\\\/cidsav\\\/wp-content\\\/uploads\\\/2024\\\/11\\\/Recam-2024.jpg\",\"datePublished\":\"2024-11-13T07:26:44+00:00\",\"dateModified\":\"2025-01-14T10:46:43+00:00\",\"breadcrumb\":{\"@id\":\"https:\\\/\\\/epsapps.udg.edu\\\/cidsav\\\/participacio-del-cidsav-a-la-jornada-recam-2024-a-la-universitat-de-barcelona\\\/#breadcrumb\"},\"inLanguage\":\"es\",\"potentialAction\":[{\"@type\":\"ReadAction\",\"target\":[\"https:\\\/\\\/epsapps.udg.edu\\\/cidsav\\\/participacio-del-cidsav-a-la-jornada-recam-2024-a-la-universitat-de-barcelona\\\/\"]}]},{\"@type\":\"ImageObject\",\"inLanguage\":\"es\",\"@id\":\"https:\\\/\\\/epsapps.udg.edu\\\/cidsav\\\/participacio-del-cidsav-a-la-jornada-recam-2024-a-la-universitat-de-barcelona\\\/#primaryimage\",\"url\":\"https:\\\/\\\/epsapps.udg.edu\\\/cidsav\\\/wp-content\\\/uploads\\\/2024\\\/11\\\/Recam-2024.jpg\",\"contentUrl\":\"https:\\\/\\\/epsapps.udg.edu\\\/cidsav\\\/wp-content\\\/uploads\\\/2024\\\/11\\\/Recam-2024.jpg\",\"width\":1025,\"height\":726},{\"@type\":\"BreadcrumbList\",\"@id\":\"https:\\\/\\\/epsapps.udg.edu\\\/cidsav\\\/participacio-del-cidsav-a-la-jornada-recam-2024-a-la-universitat-de-barcelona\\\/#breadcrumb\",\"itemListElement\":[{\"@type\":\"ListItem\",\"position\":1,\"name\":\"Portada\",\"item\":\"https:\\\/\\\/epsapps.udg.edu\\\/cidsav\\\/\"},{\"@type\":\"ListItem\",\"position\":2,\"name\":\"Participaci\u00f3 del CIDSAV a la jornada RECAM 2024 a la Universitat de Barcelona\"}]},{\"@type\":\"WebSite\",\"@id\":\"https:\\\/\\\/epsapps.udg.edu\\\/cidsav\\\/#website\",\"url\":\"https:\\\/\\\/epsapps.udg.edu\\\/cidsav\\\/\",\"name\":\"CIDSAV\",\"description\":\"\",\"publisher\":{\"@id\":\"https:\\\/\\\/epsapps.udg.edu\\\/cidsav\\\/#organization\"},\"potentialAction\":[{\"@type\":\"SearchAction\",\"target\":{\"@type\":\"EntryPoint\",\"urlTemplate\":\"https:\\\/\\\/epsapps.udg.edu\\\/cidsav\\\/?s={search_term_string}\"},\"query-input\":{\"@type\":\"PropertyValueSpecification\",\"valueRequired\":true,\"valueName\":\"search_term_string\"}}],\"inLanguage\":\"es\"},{\"@type\":\"Organization\",\"@id\":\"https:\\\/\\\/epsapps.udg.edu\\\/cidsav\\\/#organization\",\"name\":\"CIDSAV\",\"url\":\"https:\\\/\\\/epsapps.udg.edu\\\/cidsav\\\/\",\"logo\":{\"@type\":\"ImageObject\",\"inLanguage\":\"es\",\"@id\":\"https:\\\/\\\/epsapps.udg.edu\\\/cidsav\\\/#\\\/schema\\\/logo\\\/image\\\/\",\"url\":\"https:\\\/\\\/epsapps.udg.edu\\\/cidsav\\\/wp-content\\\/uploads\\\/2019\\\/09\\\/Logo-3-idomes-CIDSAV-verd-03.png\",\"contentUrl\":\"https:\\\/\\\/epsapps.udg.edu\\\/cidsav\\\/wp-content\\\/uploads\\\/2019\\\/09\\\/Logo-3-idomes-CIDSAV-verd-03.png\",\"width\":1181,\"height\":1054,\"caption\":\"CIDSAV\"},\"image\":{\"@id\":\"https:\\\/\\\/epsapps.udg.edu\\\/cidsav\\\/#\\\/schema\\\/logo\\\/image\\\/\"},\"sameAs\":[\"https:\\\/\\\/www.instagram.com\\\/cidsav_udg\\\/?igsh=eDU0dzNpc2JzdG8y#\"]},{\"@type\":\"Person\",\"@id\":\"https:\\\/\\\/epsapps.udg.edu\\\/cidsav\\\/#\\\/schema\\\/person\\\/883528511e500c7e80ba4277581a1af5\",\"name\":\"Cidsav\",\"image\":{\"@type\":\"ImageObject\",\"inLanguage\":\"es\",\"@id\":\"https:\\\/\\\/secure.gravatar.com\\\/avatar\\\/edc98cd42455437cc862f126c154af7f452d3d0d6083e36036042fb12f5236f9?s=96&d=mm&r=g\",\"url\":\"https:\\\/\\\/secure.gravatar.com\\\/avatar\\\/edc98cd42455437cc862f126c154af7f452d3d0d6083e36036042fb12f5236f9?s=96&d=mm&r=g\",\"contentUrl\":\"https:\\\/\\\/secure.gravatar.com\\\/avatar\\\/edc98cd42455437cc862f126c154af7f452d3d0d6083e36036042fb12f5236f9?s=96&d=mm&r=g\",\"caption\":\"Cidsav\"}}]}<\/script>\n<!-- \/ Yoast SEO plugin. -->","yoast_head_json":{"title":"Participaci\u00f3 del CIDSAV a la jornada RECAM 2024 a la Universitat de Barcelona","robots":{"index":"index","follow":"follow","max-snippet":"max-snippet:-1","max-image-preview":"max-image-preview:large","max-video-preview":"max-video-preview:-1"},"canonical":"https:\/\/epsapps.udg.edu\/cidsav\/participacio-del-cidsav-a-la-jornada-recam-2024-a-la-universitat-de-barcelona\/","og_locale":"es_ES","og_type":"article","og_title":"Participaci\u00f3 del CIDSAV a la jornada RECAM 2024 a la Universitat de Barcelona","og_description":"El Director del CIDSAV,\u00a0 l\u2019Emili Montesinos va assistir com a ponent invitat a la Reuni\u00f3 cient\u00edfica Anual de Microbiologia (RECAM 2024) que va tenir lloc [&hellip;]","og_url":"https:\/\/epsapps.udg.edu\/cidsav\/participacio-del-cidsav-a-la-jornada-recam-2024-a-la-universitat-de-barcelona\/","og_site_name":"CIDSAV","article_published_time":"2024-11-13T07:26:44+00:00","article_modified_time":"2025-01-14T10:46:43+00:00","og_image":[{"width":1025,"height":726,"url":"https:\/\/epsapps.udg.edu\/cidsav\/wp-content\/uploads\/2024\/11\/Recam-2024.jpg","type":"image\/jpeg"}],"author":"Cidsav","twitter_card":"summary_large_image","twitter_misc":{"Escrito por":"Cidsav","Tiempo de lectura":"1 minuto"},"schema":{"@context":"https:\/\/schema.org","@graph":[{"@type":"Article","@id":"https:\/\/epsapps.udg.edu\/cidsav\/participacio-del-cidsav-a-la-jornada-recam-2024-a-la-universitat-de-barcelona\/#article","isPartOf":{"@id":"https:\/\/epsapps.udg.edu\/cidsav\/participacio-del-cidsav-a-la-jornada-recam-2024-a-la-universitat-de-barcelona\/"},"author":{"name":"Cidsav","@id":"https:\/\/epsapps.udg.edu\/cidsav\/#\/schema\/person\/883528511e500c7e80ba4277581a1af5"},"headline":"Participaci\u00f3 del CIDSAV a la jornada RECAM 2024 a la Universitat de Barcelona","datePublished":"2024-11-13T07:26:44+00:00","dateModified":"2025-01-14T10:46:43+00:00","mainEntityOfPage":{"@id":"https:\/\/epsapps.udg.edu\/cidsav\/participacio-del-cidsav-a-la-jornada-recam-2024-a-la-universitat-de-barcelona\/"},"wordCount":174,"publisher":{"@id":"https:\/\/epsapps.udg.edu\/cidsav\/#organization"},"image":{"@id":"https:\/\/epsapps.udg.edu\/cidsav\/participacio-del-cidsav-a-la-jornada-recam-2024-a-la-universitat-de-barcelona\/#primaryimage"},"thumbnailUrl":"https:\/\/epsapps.udg.edu\/cidsav\/wp-content\/uploads\/2024\/11\/Recam-2024.jpg","articleSection":["Not\u00edcies"],"inLanguage":"es"},{"@type":"WebPage","@id":"https:\/\/epsapps.udg.edu\/cidsav\/participacio-del-cidsav-a-la-jornada-recam-2024-a-la-universitat-de-barcelona\/","url":"https:\/\/epsapps.udg.edu\/cidsav\/participacio-del-cidsav-a-la-jornada-recam-2024-a-la-universitat-de-barcelona\/","name":"Participaci\u00f3 del CIDSAV a la jornada RECAM 2024 a la Universitat de Barcelona","isPartOf":{"@id":"https:\/\/epsapps.udg.edu\/cidsav\/#website"},"primaryImageOfPage":{"@id":"https:\/\/epsapps.udg.edu\/cidsav\/participacio-del-cidsav-a-la-jornada-recam-2024-a-la-universitat-de-barcelona\/#primaryimage"},"image":{"@id":"https:\/\/epsapps.udg.edu\/cidsav\/participacio-del-cidsav-a-la-jornada-recam-2024-a-la-universitat-de-barcelona\/#primaryimage"},"thumbnailUrl":"https:\/\/epsapps.udg.edu\/cidsav\/wp-content\/uploads\/2024\/11\/Recam-2024.jpg","datePublished":"2024-11-13T07:26:44+00:00","dateModified":"2025-01-14T10:46:43+00:00","breadcrumb":{"@id":"https:\/\/epsapps.udg.edu\/cidsav\/participacio-del-cidsav-a-la-jornada-recam-2024-a-la-universitat-de-barcelona\/#breadcrumb"},"inLanguage":"es","potentialAction":[{"@type":"ReadAction","target":["https:\/\/epsapps.udg.edu\/cidsav\/participacio-del-cidsav-a-la-jornada-recam-2024-a-la-universitat-de-barcelona\/"]}]},{"@type":"ImageObject","inLanguage":"es","@id":"https:\/\/epsapps.udg.edu\/cidsav\/participacio-del-cidsav-a-la-jornada-recam-2024-a-la-universitat-de-barcelona\/#primaryimage","url":"https:\/\/epsapps.udg.edu\/cidsav\/wp-content\/uploads\/2024\/11\/Recam-2024.jpg","contentUrl":"https:\/\/epsapps.udg.edu\/cidsav\/wp-content\/uploads\/2024\/11\/Recam-2024.jpg","width":1025,"height":726},{"@type":"BreadcrumbList","@id":"https:\/\/epsapps.udg.edu\/cidsav\/participacio-del-cidsav-a-la-jornada-recam-2024-a-la-universitat-de-barcelona\/#breadcrumb","itemListElement":[{"@type":"ListItem","position":1,"name":"Portada","item":"https:\/\/epsapps.udg.edu\/cidsav\/"},{"@type":"ListItem","position":2,"name":"Participaci\u00f3 del CIDSAV a la jornada RECAM 2024 a la Universitat de Barcelona"}]},{"@type":"WebSite","@id":"https:\/\/epsapps.udg.edu\/cidsav\/#website","url":"https:\/\/epsapps.udg.edu\/cidsav\/","name":"CIDSAV","description":"","publisher":{"@id":"https:\/\/epsapps.udg.edu\/cidsav\/#organization"},"potentialAction":[{"@type":"SearchAction","target":{"@type":"EntryPoint","urlTemplate":"https:\/\/epsapps.udg.edu\/cidsav\/?s={search_term_string}"},"query-input":{"@type":"PropertyValueSpecification","valueRequired":true,"valueName":"search_term_string"}}],"inLanguage":"es"},{"@type":"Organization","@id":"https:\/\/epsapps.udg.edu\/cidsav\/#organization","name":"CIDSAV","url":"https:\/\/epsapps.udg.edu\/cidsav\/","logo":{"@type":"ImageObject","inLanguage":"es","@id":"https:\/\/epsapps.udg.edu\/cidsav\/#\/schema\/logo\/image\/","url":"https:\/\/epsapps.udg.edu\/cidsav\/wp-content\/uploads\/2019\/09\/Logo-3-idomes-CIDSAV-verd-03.png","contentUrl":"https:\/\/epsapps.udg.edu\/cidsav\/wp-content\/uploads\/2019\/09\/Logo-3-idomes-CIDSAV-verd-03.png","width":1181,"height":1054,"caption":"CIDSAV"},"image":{"@id":"https:\/\/epsapps.udg.edu\/cidsav\/#\/schema\/logo\/image\/"},"sameAs":["https:\/\/www.instagram.com\/cidsav_udg\/?igsh=eDU0dzNpc2JzdG8y#"]},{"@type":"Person","@id":"https:\/\/epsapps.udg.edu\/cidsav\/#\/schema\/person\/883528511e500c7e80ba4277581a1af5","name":"Cidsav","image":{"@type":"ImageObject","inLanguage":"es","@id":"https:\/\/secure.gravatar.com\/avatar\/edc98cd42455437cc862f126c154af7f452d3d0d6083e36036042fb12f5236f9?s=96&d=mm&r=g","url":"https:\/\/secure.gravatar.com\/avatar\/edc98cd42455437cc862f126c154af7f452d3d0d6083e36036042fb12f5236f9?s=96&d=mm&r=g","contentUrl":"https:\/\/secure.gravatar.com\/avatar\/edc98cd42455437cc862f126c154af7f452d3d0d6083e36036042fb12f5236f9?s=96&d=mm&r=g","caption":"Cidsav"}}]}},"uagb_featured_image_src":{"full":["https:\/\/epsapps.udg.edu\/cidsav\/wp-content\/uploads\/2024\/11\/Recam-2024.jpg",1025,726,false],"thumbnail":["https:\/\/epsapps.udg.edu\/cidsav\/wp-content\/uploads\/2024\/11\/Recam-2024-150x150.jpg",150,150,true],"medium":["https:\/\/epsapps.udg.edu\/cidsav\/wp-content\/uploads\/2024\/11\/Recam-2024-300x212.jpg",300,212,true],"medium_large":["https:\/\/epsapps.udg.edu\/cidsav\/wp-content\/uploads\/2024\/11\/Recam-2024-768x544.jpg",768,544,true],"large":["https:\/\/epsapps.udg.edu\/cidsav\/wp-content\/uploads\/2024\/11\/Recam-2024.jpg",1024,725,false],"1536x1536":["https:\/\/epsapps.udg.edu\/cidsav\/wp-content\/uploads\/2024\/11\/Recam-2024.jpg",1025,726,false],"2048x2048":["https:\/\/epsapps.udg.edu\/cidsav\/wp-content\/uploads\/2024\/11\/Recam-2024.jpg",1025,726,false],"sydney-large-thumb":["https:\/\/epsapps.udg.edu\/cidsav\/wp-content\/uploads\/2024\/11\/Recam-2024-1000x708.jpg",1000,708,true],"sydney-medium-thumb":["https:\/\/epsapps.udg.edu\/cidsav\/wp-content\/uploads\/2024\/11\/Recam-2024-550x400.jpg",550,400,true],"sydney-small-thumb":["https:\/\/epsapps.udg.edu\/cidsav\/wp-content\/uploads\/2024\/11\/Recam-2024-230x163.jpg",230,163,true],"sydney-service-thumb":["https:\/\/epsapps.udg.edu\/cidsav\/wp-content\/uploads\/2024\/11\/Recam-2024-350x248.jpg",350,248,true],"sydney-mas-thumb":["https:\/\/epsapps.udg.edu\/cidsav\/wp-content\/uploads\/2024\/11\/Recam-2024-480x340.jpg",480,340,true]},"uagb_author_info":{"display_name":"Cidsav","author_link":"https:\/\/epsapps.udg.edu\/cidsav\/author\/cidsav0140\/"},"uagb_comment_info":0,"uagb_excerpt":"El Director del CIDSAV,\u00a0 l\u2019Emili Montesinos va assistir com a ponent invitat a la Reuni\u00f3 cient\u00edfica Anual de Microbiologia (RECAM 2024) que va tenir lloc [&hellip;]","_links":{"self":[{"href":"https:\/\/epsapps.udg.edu\/cidsav\/wp-json\/wp\/v2\/posts\/7927","targetHints":{"allow":["GET"]}}],"collection":[{"href":"https:\/\/epsapps.udg.edu\/cidsav\/wp-json\/wp\/v2\/posts"}],"about":[{"href":"https:\/\/epsapps.udg.edu\/cidsav\/wp-json\/wp\/v2\/types\/post"}],"author":[{"embeddable":true,"href":"https:\/\/epsapps.udg.edu\/cidsav\/wp-json\/wp\/v2\/users\/1"}],"replies":[{"embeddable":true,"href":"https:\/\/epsapps.udg.edu\/cidsav\/wp-json\/wp\/v2\/comments?post=7927"}],"version-history":[{"count":0,"href":"https:\/\/epsapps.udg.edu\/cidsav\/wp-json\/wp\/v2\/posts\/7927\/revisions"}],"wp:featuredmedia":[{"embeddable":true,"href":"https:\/\/epsapps.udg.edu\/cidsav\/wp-json\/wp\/v2\/media\/7930"}],"wp:attachment":[{"href":"https:\/\/epsapps.udg.edu\/cidsav\/wp-json\/wp\/v2\/media?parent=7927"}],"wp:term":[{"taxonomy":"category","embeddable":true,"href":"https:\/\/epsapps.udg.edu\/cidsav\/wp-json\/wp\/v2\/categories?post=7927"},{"taxonomy":"post_tag","embeddable":true,"href":"https:\/\/epsapps.udg.edu\/cidsav\/wp-json\/wp\/v2\/tags?post=7927"}],"curies":[{"name":"wp","href":"https:\/\/api.w.org\/{rel}","templated":true}]}}