{"id":6543,"date":"2023-09-30T12:07:57","date_gmt":"2023-09-30T10:07:57","guid":{"rendered":"https:\/\/epsapps.udg.edu\/cidsav\/?p=6543"},"modified":"2023-09-30T12:13:36","modified_gmt":"2023-09-30T10:13:36","slug":"membres-del-cidsav-van-participar-al-12e-congres-internacional-de-patologia-vegetal-icpp","status":"publish","type":"post","link":"https:\/\/epsapps.udg.edu\/cidsav\/membres-del-cidsav-van-participar-al-12e-congres-internacional-de-patologia-vegetal-icpp\/","title":{"rendered":"Membres del CIDSAV van participar al 12e Congr\u00e9s Internacional de Patologia Vegetal (ICPP)"},"content":{"rendered":"\t\t<div data-elementor-type=\"wp-post\" data-elementor-id=\"6543\" class=\"elementor elementor-6543\">\n\t\t\t\t\t\t<section class=\"elementor-section elementor-top-section elementor-element elementor-element-5fa98bce elementor-section-boxed elementor-section-height-default elementor-section-height-default\" data-id=\"5fa98bce\" data-element_type=\"section\" data-e-type=\"section\">\n\t\t\t\t\t\t<div class=\"elementor-container elementor-column-gap-default\">\n\t\t\t\t\t<div class=\"elementor-column elementor-col-100 elementor-top-column elementor-element elementor-element-e9da17f\" data-id=\"e9da17f\" data-element_type=\"column\" data-e-type=\"column\">\n\t\t\t<div class=\"elementor-widget-wrap elementor-element-populated\">\n\t\t\t\t\t\t<div class=\"elementor-element elementor-element-10df18d6 elementor-widget elementor-widget-image\" data-id=\"10df18d6\" data-element_type=\"widget\" data-e-type=\"widget\" data-widget_type=\"image.default\">\n\t\t\t\t<div class=\"elementor-widget-container\">\n\t\t\t\t\t\t\t\t\t\t\t\t\t\t\t<img fetchpriority=\"high\" decoding=\"async\" width=\"1024\" height=\"725\" src=\"https:\/\/epsapps.udg.edu\/cidsav\/wp-content\/uploads\/2023\/09\/ICPP.jpg\" class=\"attachment-large size-large wp-image-6544\" alt=\"\" srcset=\"https:\/\/epsapps.udg.edu\/cidsav\/wp-content\/uploads\/2023\/09\/ICPP.jpg 1025w, https:\/\/epsapps.udg.edu\/cidsav\/wp-content\/uploads\/2023\/09\/ICPP-300x212.jpg 300w, https:\/\/epsapps.udg.edu\/cidsav\/wp-content\/uploads\/2023\/09\/ICPP-768x544.jpg 768w, https:\/\/epsapps.udg.edu\/cidsav\/wp-content\/uploads\/2023\/09\/ICPP-1000x708.jpg 1000w, https:\/\/epsapps.udg.edu\/cidsav\/wp-content\/uploads\/2023\/09\/ICPP-230x163.jpg 230w, https:\/\/epsapps.udg.edu\/cidsav\/wp-content\/uploads\/2023\/09\/ICPP-350x248.jpg 350w, https:\/\/epsapps.udg.edu\/cidsav\/wp-content\/uploads\/2023\/09\/ICPP-480x340.jpg 480w\" sizes=\"(max-width: 1024px) 100vw, 1024px\" \/>\t\t\t\t\t\t\t\t\t\t\t\t\t\t\t<\/div>\n\t\t\t\t<\/div>\n\t\t\t\t<div class=\"elementor-element elementor-element-724b64ff elementor-widget-divider--view-line elementor-widget elementor-widget-divider\" data-id=\"724b64ff\" data-element_type=\"widget\" data-e-type=\"widget\" data-widget_type=\"divider.default\">\n\t\t\t\t<div class=\"elementor-widget-container\">\n\t\t\t\t\t\t\t<div class=\"elementor-divider\">\n\t\t\t<span class=\"elementor-divider-separator\">\n\t\t\t\t\t\t<\/span>\n\t\t<\/div>\n\t\t\t\t\t\t<\/div>\n\t\t\t\t<\/div>\n\t\t\t\t<div class=\"elementor-element elementor-element-62b6fc17 elementor-widget elementor-widget-text-editor\" data-id=\"62b6fc17\" data-element_type=\"widget\" data-e-type=\"widget\" data-widget_type=\"text-editor.default\">\n\t\t\t\t<div class=\"elementor-widget-container\">\n\t\t\t\t\t\t\t\t\t<p>Del 20 al 25 d\u2019agost es va celebrar la 12a edici\u00f3 de l\u2019 ICPP a Li\u00f3 (Fran\u00e7a). Es tracta del congr\u00e9s sobre patologia vegetal m\u00e9s important a nivell mundial. Aquest any va reunir a 2300 participants de 90 pa\u00efsos diferents. El lema d\u2019aquesta edici\u00f3 va ser \u201c<em>ONE HEALTH for all Plants, Crops and Trees<\/em>\u201d que pret\u00e9n integrar la salut i patologia vegetal dins el concepte de \u201c<em>ONE HEALTH<\/em>\u201d.\u00a0<\/p><p>Durant el desenvolupament del congr\u00e9s es van tractar una gran varietat de temes des de m\u00e8todes de control sostenible, interaccions vector-patogen, seguretat aliment\u00e0ria, sistemes de monitoreig, eines de detecci\u00f3, etc.<\/p><p>Els investigadors Anna Bonaterra, Concepci\u00f3 Moragrega i Isidre Llorente juntament amb els estudiants predoctorals J\u00falia Carol, Zohra El Khattabi i Luis Moll van participar presencialment en el congr\u00e9s i van presentar 4 comunicacions del conjunt del grup en format p\u00f2ster:<\/p><p><em>&#8211; \u201c<\/em><em>The performance of the bactericidal and plant defence elicitor peptide BP178 in different plant host pathosystems\u201d<\/em><\/p><p><em>&#8211; \u201c<\/em><em>Verticillium wilt and mortality of Ailanthus altissima in Catalonia (Northeastern Spain). Disease distribution and pathogen characterization\u201d<\/em><\/p><p><em>&#8211; \u201c<\/em><em>Dynamics of total, viable and culturable states of two bacterial biological control strains applied to grapevine and fruit-tree crops\u201d<\/em><\/p><p><em>&#8211; \u201c<\/em><em>Morphological, molecular and pathogenic characterization of Alternaria species causing apple leaf and fruit spot disease in Catalonia (Northeastern Spain)\u201d<\/em><\/p><p>Per a m\u00e9s informaci\u00f3 sobre el congr\u00e9s: <a href=\"https:\/\/www.icpp2023.org\/\">https:\/\/www.icpp2023.org\/<\/a><\/p>\t\t\t\t\t\t\t\t<\/div>\n\t\t\t\t<\/div>\n\t\t\t\t<div class=\"elementor-element elementor-element-24a01a6a elementor-widget-divider--view-line elementor-widget elementor-widget-divider\" data-id=\"24a01a6a\" data-element_type=\"widget\" data-e-type=\"widget\" data-widget_type=\"divider.default\">\n\t\t\t\t<div class=\"elementor-widget-container\">\n\t\t\t\t\t\t\t<div class=\"elementor-divider\">\n\t\t\t<span class=\"elementor-divider-separator\">\n\t\t\t\t\t\t<\/span>\n\t\t<\/div>\n\t\t\t\t\t\t<\/div>\n\t\t\t\t<\/div>\n\t\t\t\t\t<\/div>\n\t\t<\/div>\n\t\t\t\t\t<\/div>\n\t\t<\/section>\n\t\t\t\t<section class=\"elementor-section elementor-top-section elementor-element elementor-element-2f6a0179 elementor-section-boxed elementor-section-height-default elementor-section-height-default\" data-id=\"2f6a0179\" data-element_type=\"section\" data-e-type=\"section\">\n\t\t\t\t\t\t<div class=\"elementor-container elementor-column-gap-default\">\n\t\t\t\t\t<div class=\"elementor-column elementor-col-100 elementor-top-column elementor-element elementor-element-5eeff453\" data-id=\"5eeff453\" data-element_type=\"column\" data-e-type=\"column\">\n\t\t\t<div class=\"elementor-widget-wrap elementor-element-populated\">\n\t\t\t\t\t\t<div class=\"elementor-element elementor-element-51ab085b elementor-widget elementor-widget-wp-widget-recent-posts\" data-id=\"51ab085b\" data-element_type=\"widget\" data-e-type=\"widget\" data-widget_type=\"wp-widget-recent-posts.default\">\n\t\t\t\t<div class=\"elementor-widget-container\">\n\t\t\t\t\t\n\t\t\n\t\t<h5>DARRERES NOT\u00cdCIES<\/h5>\n\t\t<ul>\n\t\t\t\t\t\t\t\t\t\t\t<li>\n\t\t\t\t\t<a href=\"https:\/\/epsapps.udg.edu\/cidsav\/en\/invited-presentation-by-cidsav-at-the-xylella-seminars\/\">Invited presentation by CIDSAV at the Xylella Seminars<\/a>\n\t\t\t\t\t\t\t\t\t\t\t<span class=\"post-date\">4 marzo, 2026<\/span>\n\t\t\t\t\t\t\t\t\t<\/li>\n\t\t\t\t\t\t\t\t\t\t\t<li>\n\t\t\t\t\t<a href=\"https:\/\/epsapps.udg.edu\/cidsav\/es\/ponencia-invitada-del-cidsav-a-los-xylella-seminars-2\/\">Ponencia invitada del CIDSAV a los Xylella Seminars<\/a>\n\t\t\t\t\t\t\t\t\t\t\t<span class=\"post-date\">4 marzo, 2026<\/span>\n\t\t\t\t\t\t\t\t\t<\/li>\n\t\t\t\t\t\t\t\t\t\t\t<li>\n\t\t\t\t\t<a href=\"https:\/\/epsapps.udg.edu\/cidsav\/ponencia-convidada-del-cidsav-als-xylella-seminars\/\">Pon\u00e8ncia convidada del CIDSAV als Xylella Seminars<\/a>\n\t\t\t\t\t\t\t\t\t\t\t<span class=\"post-date\">4 marzo, 2026<\/span>\n\t\t\t\t\t\t\t\t\t<\/li>\n\t\t\t\t\t\t\t\t\t\t\t<li>\n\t\t\t\t\t<a href=\"https:\/\/epsapps.udg.edu\/cidsav\/en\/cidsav-presents-advances-in-powdery-mildew-control-using-ultraviolet-radiation-at-the-viticulture-and-enology-symposium\/\">CIDSAV presents advances in powdery mildew control using ultraviolet radiation at the Viticulture and Enology Symposium<\/a>\n\t\t\t\t\t\t\t\t\t\t\t<span class=\"post-date\">26 febrero, 2026<\/span>\n\t\t\t\t\t\t\t\t\t<\/li>\n\t\t\t\t\t\t\t\t\t\t\t<li>\n\t\t\t\t\t<a href=\"https:\/\/epsapps.udg.edu\/cidsav\/es\/el-cidsav-presenta-avances-en-el-control-del-oidio-mediante-radiacion-ultravioleta-en-el-simposio-de-viticultura-y-enologia\/\">El CIDSAV presenta avances en el control del o\u00eddio mediante radiaci\u00f3n ultravioleta en el Simposio de Viticultura y Enolog\u00eda<\/a>\n\t\t\t\t\t\t\t\t\t\t\t<span class=\"post-date\">26 febrero, 2026<\/span>\n\t\t\t\t\t\t\t\t\t<\/li>\n\t\t\t\t\t<\/ul>\n\n\t\t\t\t\t\t<\/div>\n\t\t\t\t<\/div>\n\t\t\t\t\t<\/div>\n\t\t<\/div>\n\t\t\t\t\t<\/div>\n\t\t<\/section>\n\t\t\t\t<\/div>\n\t\t","protected":false},"excerpt":{"rendered":"<p>Del 20 al 25 d\u2019agost es va celebrar la 12a edici\u00f3 de l\u2019 ICPP a Li\u00f3 (Fran\u00e7a). Es tracta del congr\u00e9s sobre patologia vegetal m\u00e9s [&hellip;]<\/p>\n","protected":false},"author":1,"featured_media":6544,"comment_status":"closed","ping_status":"closed","sticky":false,"template":"post-templates\/post_nosidebar.php","format":"standard","meta":{"_uag_custom_page_level_css":"","footnotes":""},"categories":[70],"tags":[],"class_list":["post-6543","post","type-post","status-publish","format-standard","has-post-thumbnail","hentry","category-sin-noticies-cat"],"yoast_head":"<!-- This site is optimized with the Yoast SEO plugin v27.5 - https:\/\/yoast.com\/product\/yoast-seo-wordpress\/ -->\n<title>Membres del CIDSAV van participar al 12e Congr\u00e9s Internacional de Patologia Vegetal (ICPP)<\/title>\n<meta name=\"robots\" content=\"index, follow, max-snippet:-1, max-image-preview:large, max-video-preview:-1\" \/>\n<link rel=\"canonical\" href=\"https:\/\/epsapps.udg.edu\/cidsav\/membres-del-cidsav-van-participar-al-12e-congres-internacional-de-patologia-vegetal-icpp\/\" \/>\n<meta property=\"og:locale\" content=\"es_ES\" \/>\n<meta property=\"og:type\" content=\"article\" \/>\n<meta property=\"og:title\" content=\"Membres del CIDSAV van participar al 12e Congr\u00e9s Internacional de Patologia Vegetal (ICPP)\" \/>\n<meta property=\"og:description\" content=\"Del 20 al 25 d\u2019agost es va celebrar la 12a edici\u00f3 de l\u2019 ICPP a Li\u00f3 (Fran\u00e7a). Es tracta del congr\u00e9s sobre patologia vegetal m\u00e9s [&hellip;]\" \/>\n<meta property=\"og:url\" content=\"https:\/\/epsapps.udg.edu\/cidsav\/membres-del-cidsav-van-participar-al-12e-congres-internacional-de-patologia-vegetal-icpp\/\" \/>\n<meta property=\"og:site_name\" content=\"CIDSAV\" \/>\n<meta property=\"article:published_time\" content=\"2023-09-30T10:07:57+00:00\" \/>\n<meta property=\"article:modified_time\" content=\"2023-09-30T10:13:36+00:00\" \/>\n<meta property=\"og:image\" content=\"https:\/\/epsapps.udg.edu\/cidsav\/wp-content\/uploads\/2023\/09\/ICPP.jpg\" \/>\n\t<meta property=\"og:image:width\" content=\"1025\" \/>\n\t<meta property=\"og:image:height\" content=\"726\" \/>\n\t<meta property=\"og:image:type\" content=\"image\/jpeg\" \/>\n<meta name=\"author\" content=\"Cidsav\" \/>\n<meta name=\"twitter:card\" content=\"summary_large_image\" \/>\n<meta name=\"twitter:label1\" content=\"Escrito por\" \/>\n\t<meta name=\"twitter:data1\" content=\"Cidsav\" \/>\n\t<meta name=\"twitter:label2\" content=\"Tiempo de lectura\" \/>\n\t<meta name=\"twitter:data2\" content=\"1 minuto\" \/>\n<script type=\"application\/ld+json\" class=\"yoast-schema-graph\">{\"@context\":\"https:\\\/\\\/schema.org\",\"@graph\":[{\"@type\":\"Article\",\"@id\":\"https:\\\/\\\/epsapps.udg.edu\\\/cidsav\\\/membres-del-cidsav-van-participar-al-12e-congres-internacional-de-patologia-vegetal-icpp\\\/#article\",\"isPartOf\":{\"@id\":\"https:\\\/\\\/epsapps.udg.edu\\\/cidsav\\\/membres-del-cidsav-van-participar-al-12e-congres-internacional-de-patologia-vegetal-icpp\\\/\"},\"author\":{\"name\":\"Cidsav\",\"@id\":\"https:\\\/\\\/epsapps.udg.edu\\\/cidsav\\\/#\\\/schema\\\/person\\\/883528511e500c7e80ba4277581a1af5\"},\"headline\":\"Membres del CIDSAV van participar al 12e Congr\u00e9s Internacional de Patologia Vegetal (ICPP)\",\"datePublished\":\"2023-09-30T10:07:57+00:00\",\"dateModified\":\"2023-09-30T10:13:36+00:00\",\"mainEntityOfPage\":{\"@id\":\"https:\\\/\\\/epsapps.udg.edu\\\/cidsav\\\/membres-del-cidsav-van-participar-al-12e-congres-internacional-de-patologia-vegetal-icpp\\\/\"},\"wordCount\":247,\"publisher\":{\"@id\":\"https:\\\/\\\/epsapps.udg.edu\\\/cidsav\\\/#organization\"},\"image\":{\"@id\":\"https:\\\/\\\/epsapps.udg.edu\\\/cidsav\\\/membres-del-cidsav-van-participar-al-12e-congres-internacional-de-patologia-vegetal-icpp\\\/#primaryimage\"},\"thumbnailUrl\":\"https:\\\/\\\/epsapps.udg.edu\\\/cidsav\\\/wp-content\\\/uploads\\\/2023\\\/09\\\/ICPP.jpg\",\"articleSection\":[\"Not\u00edcies\"],\"inLanguage\":\"es\"},{\"@type\":\"WebPage\",\"@id\":\"https:\\\/\\\/epsapps.udg.edu\\\/cidsav\\\/membres-del-cidsav-van-participar-al-12e-congres-internacional-de-patologia-vegetal-icpp\\\/\",\"url\":\"https:\\\/\\\/epsapps.udg.edu\\\/cidsav\\\/membres-del-cidsav-van-participar-al-12e-congres-internacional-de-patologia-vegetal-icpp\\\/\",\"name\":\"Membres del CIDSAV van participar al 12e Congr\u00e9s Internacional de Patologia Vegetal (ICPP)\",\"isPartOf\":{\"@id\":\"https:\\\/\\\/epsapps.udg.edu\\\/cidsav\\\/#website\"},\"primaryImageOfPage\":{\"@id\":\"https:\\\/\\\/epsapps.udg.edu\\\/cidsav\\\/membres-del-cidsav-van-participar-al-12e-congres-internacional-de-patologia-vegetal-icpp\\\/#primaryimage\"},\"image\":{\"@id\":\"https:\\\/\\\/epsapps.udg.edu\\\/cidsav\\\/membres-del-cidsav-van-participar-al-12e-congres-internacional-de-patologia-vegetal-icpp\\\/#primaryimage\"},\"thumbnailUrl\":\"https:\\\/\\\/epsapps.udg.edu\\\/cidsav\\\/wp-content\\\/uploads\\\/2023\\\/09\\\/ICPP.jpg\",\"datePublished\":\"2023-09-30T10:07:57+00:00\",\"dateModified\":\"2023-09-30T10:13:36+00:00\",\"breadcrumb\":{\"@id\":\"https:\\\/\\\/epsapps.udg.edu\\\/cidsav\\\/membres-del-cidsav-van-participar-al-12e-congres-internacional-de-patologia-vegetal-icpp\\\/#breadcrumb\"},\"inLanguage\":\"es\",\"potentialAction\":[{\"@type\":\"ReadAction\",\"target\":[\"https:\\\/\\\/epsapps.udg.edu\\\/cidsav\\\/membres-del-cidsav-van-participar-al-12e-congres-internacional-de-patologia-vegetal-icpp\\\/\"]}]},{\"@type\":\"ImageObject\",\"inLanguage\":\"es\",\"@id\":\"https:\\\/\\\/epsapps.udg.edu\\\/cidsav\\\/membres-del-cidsav-van-participar-al-12e-congres-internacional-de-patologia-vegetal-icpp\\\/#primaryimage\",\"url\":\"https:\\\/\\\/epsapps.udg.edu\\\/cidsav\\\/wp-content\\\/uploads\\\/2023\\\/09\\\/ICPP.jpg\",\"contentUrl\":\"https:\\\/\\\/epsapps.udg.edu\\\/cidsav\\\/wp-content\\\/uploads\\\/2023\\\/09\\\/ICPP.jpg\",\"width\":1025,\"height\":726},{\"@type\":\"BreadcrumbList\",\"@id\":\"https:\\\/\\\/epsapps.udg.edu\\\/cidsav\\\/membres-del-cidsav-van-participar-al-12e-congres-internacional-de-patologia-vegetal-icpp\\\/#breadcrumb\",\"itemListElement\":[{\"@type\":\"ListItem\",\"position\":1,\"name\":\"Portada\",\"item\":\"https:\\\/\\\/epsapps.udg.edu\\\/cidsav\\\/\"},{\"@type\":\"ListItem\",\"position\":2,\"name\":\"Membres del CIDSAV van participar al 12e Congr\u00e9s Internacional de Patologia Vegetal (ICPP)\"}]},{\"@type\":\"WebSite\",\"@id\":\"https:\\\/\\\/epsapps.udg.edu\\\/cidsav\\\/#website\",\"url\":\"https:\\\/\\\/epsapps.udg.edu\\\/cidsav\\\/\",\"name\":\"CIDSAV\",\"description\":\"\",\"publisher\":{\"@id\":\"https:\\\/\\\/epsapps.udg.edu\\\/cidsav\\\/#organization\"},\"potentialAction\":[{\"@type\":\"SearchAction\",\"target\":{\"@type\":\"EntryPoint\",\"urlTemplate\":\"https:\\\/\\\/epsapps.udg.edu\\\/cidsav\\\/?s={search_term_string}\"},\"query-input\":{\"@type\":\"PropertyValueSpecification\",\"valueRequired\":true,\"valueName\":\"search_term_string\"}}],\"inLanguage\":\"es\"},{\"@type\":\"Organization\",\"@id\":\"https:\\\/\\\/epsapps.udg.edu\\\/cidsav\\\/#organization\",\"name\":\"CIDSAV\",\"url\":\"https:\\\/\\\/epsapps.udg.edu\\\/cidsav\\\/\",\"logo\":{\"@type\":\"ImageObject\",\"inLanguage\":\"es\",\"@id\":\"https:\\\/\\\/epsapps.udg.edu\\\/cidsav\\\/#\\\/schema\\\/logo\\\/image\\\/\",\"url\":\"https:\\\/\\\/epsapps.udg.edu\\\/cidsav\\\/wp-content\\\/uploads\\\/2019\\\/09\\\/Logo-3-idomes-CIDSAV-verd-03.png\",\"contentUrl\":\"https:\\\/\\\/epsapps.udg.edu\\\/cidsav\\\/wp-content\\\/uploads\\\/2019\\\/09\\\/Logo-3-idomes-CIDSAV-verd-03.png\",\"width\":1181,\"height\":1054,\"caption\":\"CIDSAV\"},\"image\":{\"@id\":\"https:\\\/\\\/epsapps.udg.edu\\\/cidsav\\\/#\\\/schema\\\/logo\\\/image\\\/\"},\"sameAs\":[\"https:\\\/\\\/www.instagram.com\\\/cidsav_udg\\\/?igsh=eDU0dzNpc2JzdG8y#\"]},{\"@type\":\"Person\",\"@id\":\"https:\\\/\\\/epsapps.udg.edu\\\/cidsav\\\/#\\\/schema\\\/person\\\/883528511e500c7e80ba4277581a1af5\",\"name\":\"Cidsav\",\"image\":{\"@type\":\"ImageObject\",\"inLanguage\":\"es\",\"@id\":\"https:\\\/\\\/secure.gravatar.com\\\/avatar\\\/edc98cd42455437cc862f126c154af7f452d3d0d6083e36036042fb12f5236f9?s=96&d=mm&r=g\",\"url\":\"https:\\\/\\\/secure.gravatar.com\\\/avatar\\\/edc98cd42455437cc862f126c154af7f452d3d0d6083e36036042fb12f5236f9?s=96&d=mm&r=g\",\"contentUrl\":\"https:\\\/\\\/secure.gravatar.com\\\/avatar\\\/edc98cd42455437cc862f126c154af7f452d3d0d6083e36036042fb12f5236f9?s=96&d=mm&r=g\",\"caption\":\"Cidsav\"}}]}<\/script>\n<!-- \/ Yoast SEO plugin. -->","yoast_head_json":{"title":"Membres del CIDSAV van participar al 12e Congr\u00e9s Internacional de Patologia Vegetal (ICPP)","robots":{"index":"index","follow":"follow","max-snippet":"max-snippet:-1","max-image-preview":"max-image-preview:large","max-video-preview":"max-video-preview:-1"},"canonical":"https:\/\/epsapps.udg.edu\/cidsav\/membres-del-cidsav-van-participar-al-12e-congres-internacional-de-patologia-vegetal-icpp\/","og_locale":"es_ES","og_type":"article","og_title":"Membres del CIDSAV van participar al 12e Congr\u00e9s Internacional de Patologia Vegetal (ICPP)","og_description":"Del 20 al 25 d\u2019agost es va celebrar la 12a edici\u00f3 de l\u2019 ICPP a Li\u00f3 (Fran\u00e7a). Es tracta del congr\u00e9s sobre patologia vegetal m\u00e9s [&hellip;]","og_url":"https:\/\/epsapps.udg.edu\/cidsav\/membres-del-cidsav-van-participar-al-12e-congres-internacional-de-patologia-vegetal-icpp\/","og_site_name":"CIDSAV","article_published_time":"2023-09-30T10:07:57+00:00","article_modified_time":"2023-09-30T10:13:36+00:00","og_image":[{"width":1025,"height":726,"url":"https:\/\/epsapps.udg.edu\/cidsav\/wp-content\/uploads\/2023\/09\/ICPP.jpg","type":"image\/jpeg"}],"author":"Cidsav","twitter_card":"summary_large_image","twitter_misc":{"Escrito por":"Cidsav","Tiempo de lectura":"1 minuto"},"schema":{"@context":"https:\/\/schema.org","@graph":[{"@type":"Article","@id":"https:\/\/epsapps.udg.edu\/cidsav\/membres-del-cidsav-van-participar-al-12e-congres-internacional-de-patologia-vegetal-icpp\/#article","isPartOf":{"@id":"https:\/\/epsapps.udg.edu\/cidsav\/membres-del-cidsav-van-participar-al-12e-congres-internacional-de-patologia-vegetal-icpp\/"},"author":{"name":"Cidsav","@id":"https:\/\/epsapps.udg.edu\/cidsav\/#\/schema\/person\/883528511e500c7e80ba4277581a1af5"},"headline":"Membres del CIDSAV van participar al 12e Congr\u00e9s Internacional de Patologia Vegetal (ICPP)","datePublished":"2023-09-30T10:07:57+00:00","dateModified":"2023-09-30T10:13:36+00:00","mainEntityOfPage":{"@id":"https:\/\/epsapps.udg.edu\/cidsav\/membres-del-cidsav-van-participar-al-12e-congres-internacional-de-patologia-vegetal-icpp\/"},"wordCount":247,"publisher":{"@id":"https:\/\/epsapps.udg.edu\/cidsav\/#organization"},"image":{"@id":"https:\/\/epsapps.udg.edu\/cidsav\/membres-del-cidsav-van-participar-al-12e-congres-internacional-de-patologia-vegetal-icpp\/#primaryimage"},"thumbnailUrl":"https:\/\/epsapps.udg.edu\/cidsav\/wp-content\/uploads\/2023\/09\/ICPP.jpg","articleSection":["Not\u00edcies"],"inLanguage":"es"},{"@type":"WebPage","@id":"https:\/\/epsapps.udg.edu\/cidsav\/membres-del-cidsav-van-participar-al-12e-congres-internacional-de-patologia-vegetal-icpp\/","url":"https:\/\/epsapps.udg.edu\/cidsav\/membres-del-cidsav-van-participar-al-12e-congres-internacional-de-patologia-vegetal-icpp\/","name":"Membres del CIDSAV van participar al 12e Congr\u00e9s Internacional de Patologia Vegetal (ICPP)","isPartOf":{"@id":"https:\/\/epsapps.udg.edu\/cidsav\/#website"},"primaryImageOfPage":{"@id":"https:\/\/epsapps.udg.edu\/cidsav\/membres-del-cidsav-van-participar-al-12e-congres-internacional-de-patologia-vegetal-icpp\/#primaryimage"},"image":{"@id":"https:\/\/epsapps.udg.edu\/cidsav\/membres-del-cidsav-van-participar-al-12e-congres-internacional-de-patologia-vegetal-icpp\/#primaryimage"},"thumbnailUrl":"https:\/\/epsapps.udg.edu\/cidsav\/wp-content\/uploads\/2023\/09\/ICPP.jpg","datePublished":"2023-09-30T10:07:57+00:00","dateModified":"2023-09-30T10:13:36+00:00","breadcrumb":{"@id":"https:\/\/epsapps.udg.edu\/cidsav\/membres-del-cidsav-van-participar-al-12e-congres-internacional-de-patologia-vegetal-icpp\/#breadcrumb"},"inLanguage":"es","potentialAction":[{"@type":"ReadAction","target":["https:\/\/epsapps.udg.edu\/cidsav\/membres-del-cidsav-van-participar-al-12e-congres-internacional-de-patologia-vegetal-icpp\/"]}]},{"@type":"ImageObject","inLanguage":"es","@id":"https:\/\/epsapps.udg.edu\/cidsav\/membres-del-cidsav-van-participar-al-12e-congres-internacional-de-patologia-vegetal-icpp\/#primaryimage","url":"https:\/\/epsapps.udg.edu\/cidsav\/wp-content\/uploads\/2023\/09\/ICPP.jpg","contentUrl":"https:\/\/epsapps.udg.edu\/cidsav\/wp-content\/uploads\/2023\/09\/ICPP.jpg","width":1025,"height":726},{"@type":"BreadcrumbList","@id":"https:\/\/epsapps.udg.edu\/cidsav\/membres-del-cidsav-van-participar-al-12e-congres-internacional-de-patologia-vegetal-icpp\/#breadcrumb","itemListElement":[{"@type":"ListItem","position":1,"name":"Portada","item":"https:\/\/epsapps.udg.edu\/cidsav\/"},{"@type":"ListItem","position":2,"name":"Membres del CIDSAV van participar al 12e Congr\u00e9s Internacional de Patologia Vegetal (ICPP)"}]},{"@type":"WebSite","@id":"https:\/\/epsapps.udg.edu\/cidsav\/#website","url":"https:\/\/epsapps.udg.edu\/cidsav\/","name":"CIDSAV","description":"","publisher":{"@id":"https:\/\/epsapps.udg.edu\/cidsav\/#organization"},"potentialAction":[{"@type":"SearchAction","target":{"@type":"EntryPoint","urlTemplate":"https:\/\/epsapps.udg.edu\/cidsav\/?s={search_term_string}"},"query-input":{"@type":"PropertyValueSpecification","valueRequired":true,"valueName":"search_term_string"}}],"inLanguage":"es"},{"@type":"Organization","@id":"https:\/\/epsapps.udg.edu\/cidsav\/#organization","name":"CIDSAV","url":"https:\/\/epsapps.udg.edu\/cidsav\/","logo":{"@type":"ImageObject","inLanguage":"es","@id":"https:\/\/epsapps.udg.edu\/cidsav\/#\/schema\/logo\/image\/","url":"https:\/\/epsapps.udg.edu\/cidsav\/wp-content\/uploads\/2019\/09\/Logo-3-idomes-CIDSAV-verd-03.png","contentUrl":"https:\/\/epsapps.udg.edu\/cidsav\/wp-content\/uploads\/2019\/09\/Logo-3-idomes-CIDSAV-verd-03.png","width":1181,"height":1054,"caption":"CIDSAV"},"image":{"@id":"https:\/\/epsapps.udg.edu\/cidsav\/#\/schema\/logo\/image\/"},"sameAs":["https:\/\/www.instagram.com\/cidsav_udg\/?igsh=eDU0dzNpc2JzdG8y#"]},{"@type":"Person","@id":"https:\/\/epsapps.udg.edu\/cidsav\/#\/schema\/person\/883528511e500c7e80ba4277581a1af5","name":"Cidsav","image":{"@type":"ImageObject","inLanguage":"es","@id":"https:\/\/secure.gravatar.com\/avatar\/edc98cd42455437cc862f126c154af7f452d3d0d6083e36036042fb12f5236f9?s=96&d=mm&r=g","url":"https:\/\/secure.gravatar.com\/avatar\/edc98cd42455437cc862f126c154af7f452d3d0d6083e36036042fb12f5236f9?s=96&d=mm&r=g","contentUrl":"https:\/\/secure.gravatar.com\/avatar\/edc98cd42455437cc862f126c154af7f452d3d0d6083e36036042fb12f5236f9?s=96&d=mm&r=g","caption":"Cidsav"}}]}},"uagb_featured_image_src":{"full":["https:\/\/epsapps.udg.edu\/cidsav\/wp-content\/uploads\/2023\/09\/ICPP.jpg",1025,726,false],"thumbnail":["https:\/\/epsapps.udg.edu\/cidsav\/wp-content\/uploads\/2023\/09\/ICPP-150x150.jpg",150,150,true],"medium":["https:\/\/epsapps.udg.edu\/cidsav\/wp-content\/uploads\/2023\/09\/ICPP-300x212.jpg",300,212,true],"medium_large":["https:\/\/epsapps.udg.edu\/cidsav\/wp-content\/uploads\/2023\/09\/ICPP-768x544.jpg",768,544,true],"large":["https:\/\/epsapps.udg.edu\/cidsav\/wp-content\/uploads\/2023\/09\/ICPP.jpg",1024,725,false],"1536x1536":["https:\/\/epsapps.udg.edu\/cidsav\/wp-content\/uploads\/2023\/09\/ICPP.jpg",1025,726,false],"2048x2048":["https:\/\/epsapps.udg.edu\/cidsav\/wp-content\/uploads\/2023\/09\/ICPP.jpg",1025,726,false],"sydney-large-thumb":["https:\/\/epsapps.udg.edu\/cidsav\/wp-content\/uploads\/2023\/09\/ICPP-1000x708.jpg",1000,708,true],"sydney-medium-thumb":["https:\/\/epsapps.udg.edu\/cidsav\/wp-content\/uploads\/2023\/09\/ICPP-550x400.jpg",550,400,true],"sydney-small-thumb":["https:\/\/epsapps.udg.edu\/cidsav\/wp-content\/uploads\/2023\/09\/ICPP-230x163.jpg",230,163,true],"sydney-service-thumb":["https:\/\/epsapps.udg.edu\/cidsav\/wp-content\/uploads\/2023\/09\/ICPP-350x248.jpg",350,248,true],"sydney-mas-thumb":["https:\/\/epsapps.udg.edu\/cidsav\/wp-content\/uploads\/2023\/09\/ICPP-480x340.jpg",480,340,true]},"uagb_author_info":{"display_name":"Cidsav","author_link":"https:\/\/epsapps.udg.edu\/cidsav\/author\/cidsav0140\/"},"uagb_comment_info":0,"uagb_excerpt":"Del 20 al 25 d\u2019agost es va celebrar la 12a edici\u00f3 de l\u2019 ICPP a Li\u00f3 (Fran\u00e7a). Es tracta del congr\u00e9s sobre patologia vegetal m\u00e9s [&hellip;]","_links":{"self":[{"href":"https:\/\/epsapps.udg.edu\/cidsav\/wp-json\/wp\/v2\/posts\/6543","targetHints":{"allow":["GET"]}}],"collection":[{"href":"https:\/\/epsapps.udg.edu\/cidsav\/wp-json\/wp\/v2\/posts"}],"about":[{"href":"https:\/\/epsapps.udg.edu\/cidsav\/wp-json\/wp\/v2\/types\/post"}],"author":[{"embeddable":true,"href":"https:\/\/epsapps.udg.edu\/cidsav\/wp-json\/wp\/v2\/users\/1"}],"replies":[{"embeddable":true,"href":"https:\/\/epsapps.udg.edu\/cidsav\/wp-json\/wp\/v2\/comments?post=6543"}],"version-history":[{"count":0,"href":"https:\/\/epsapps.udg.edu\/cidsav\/wp-json\/wp\/v2\/posts\/6543\/revisions"}],"wp:featuredmedia":[{"embeddable":true,"href":"https:\/\/epsapps.udg.edu\/cidsav\/wp-json\/wp\/v2\/media\/6544"}],"wp:attachment":[{"href":"https:\/\/epsapps.udg.edu\/cidsav\/wp-json\/wp\/v2\/media?parent=6543"}],"wp:term":[{"taxonomy":"category","embeddable":true,"href":"https:\/\/epsapps.udg.edu\/cidsav\/wp-json\/wp\/v2\/categories?post=6543"},{"taxonomy":"post_tag","embeddable":true,"href":"https:\/\/epsapps.udg.edu\/cidsav\/wp-json\/wp\/v2\/tags?post=6543"}],"curies":[{"name":"wp","href":"https:\/\/api.w.org\/{rel}","templated":true}]}}