{"id":5161,"date":"2022-07-21T08:00:18","date_gmt":"2022-07-21T06:00:18","guid":{"rendered":"https:\/\/epsapps.udg.edu\/cidsav\/?p=5161"},"modified":"2022-07-21T08:01:08","modified_gmt":"2022-07-21T06:01:08","slug":"participacion-de-los-miembros-del-cidsav-al-14o-congreso-del-icppb","status":"publish","type":"post","link":"https:\/\/epsapps.udg.edu\/cidsav\/es\/participacion-de-los-miembros-del-cidsav-al-14o-congreso-del-icppb\/","title":{"rendered":"Participaci\u00f3n de los miembros del CIDSAV al 14\u00ba congreso del ICPPB"},"content":{"rendered":"\t\t<div data-elementor-type=\"wp-post\" data-elementor-id=\"5161\" class=\"elementor elementor-5161\">\n\t\t\t\t\t\t<section class=\"elementor-section elementor-top-section elementor-element elementor-element-29edf58f elementor-section-boxed elementor-section-height-default elementor-section-height-default\" data-id=\"29edf58f\" data-element_type=\"section\" data-e-type=\"section\">\n\t\t\t\t\t\t<div class=\"elementor-container elementor-column-gap-default\">\n\t\t\t\t\t<div class=\"elementor-column elementor-col-100 elementor-top-column elementor-element elementor-element-3cad6636\" data-id=\"3cad6636\" data-element_type=\"column\" data-e-type=\"column\">\n\t\t\t<div class=\"elementor-widget-wrap elementor-element-populated\">\n\t\t\t\t\t\t<div class=\"elementor-element elementor-element-2033a1e2 elementor-widget elementor-widget-image\" data-id=\"2033a1e2\" data-element_type=\"widget\" data-e-type=\"widget\" data-widget_type=\"image.default\">\n\t\t\t\t<div class=\"elementor-widget-container\">\n\t\t\t\t\t\t\t\t\t\t\t\t\t\t\t<img fetchpriority=\"high\" decoding=\"async\" width=\"1024\" height=\"726\" src=\"https:\/\/epsapps.udg.edu\/cidsav\/wp-content\/uploads\/2022\/07\/Congres-Italia.jpg\" class=\"attachment-large size-large wp-image-5153\" alt=\"\" srcset=\"https:\/\/epsapps.udg.edu\/cidsav\/wp-content\/uploads\/2022\/07\/Congres-Italia.jpg 1024w, https:\/\/epsapps.udg.edu\/cidsav\/wp-content\/uploads\/2022\/07\/Congres-Italia-300x213.jpg 300w, https:\/\/epsapps.udg.edu\/cidsav\/wp-content\/uploads\/2022\/07\/Congres-Italia-768x545.jpg 768w, https:\/\/epsapps.udg.edu\/cidsav\/wp-content\/uploads\/2022\/07\/Congres-Italia-920x652.jpg 920w, https:\/\/epsapps.udg.edu\/cidsav\/wp-content\/uploads\/2022\/07\/Congres-Italia-230x163.jpg 230w, https:\/\/epsapps.udg.edu\/cidsav\/wp-content\/uploads\/2022\/07\/Congres-Italia-350x248.jpg 350w, https:\/\/epsapps.udg.edu\/cidsav\/wp-content\/uploads\/2022\/07\/Congres-Italia-480x340.jpg 480w\" sizes=\"(max-width: 1024px) 100vw, 1024px\" \/>\t\t\t\t\t\t\t\t\t\t\t\t\t\t\t<\/div>\n\t\t\t\t<\/div>\n\t\t\t\t<div class=\"elementor-element elementor-element-49464b4 elementor-widget-divider--view-line elementor-widget elementor-widget-divider\" data-id=\"49464b4\" data-element_type=\"widget\" data-e-type=\"widget\" data-widget_type=\"divider.default\">\n\t\t\t\t<div class=\"elementor-widget-container\">\n\t\t\t\t\t\t\t<div class=\"elementor-divider\">\n\t\t\t<span class=\"elementor-divider-separator\">\n\t\t\t\t\t\t<\/span>\n\t\t<\/div>\n\t\t\t\t\t\t<\/div>\n\t\t\t\t<\/div>\n\t\t\t\t<div class=\"elementor-element elementor-element-6a13c62c elementor-widget elementor-widget-text-editor\" data-id=\"6a13c62c\" data-element_type=\"widget\" data-e-type=\"widget\" data-widget_type=\"text-editor.default\">\n\t\t\t\t<div class=\"elementor-widget-container\">\n\t\t\t\t\t\t\t\t\t<p style=\"text-align: justify;\">Del 3 al 8 de Julio de 2022 tuvo lugar de forma presencial la 14\u00aa conferencia internacional de bacterias fitopat\u00f3genas en As\u00eds, Italia (International Conference on Plant Pathogenic Bacteria ICPPB). En este congreso se debatieron los \u00faltimos avances en el \u00e1mbito de la ciencia b\u00e1sica y aplicada relacionada con bacterias fitopat\u00f3genas en diferentes \u00e1reas como el control y prevenci\u00f3n de enfermedades, interacciones moleculares planta-bacteria, nanotecnolog\u00eda, etc.<\/p><p style=\"text-align: justify;\">En la conferencia se presentaron 4 contribuciones de parte de diferentes miembros del grupo CIDSAV. Emilio Montesinos fue invitado a realizar una presentaci\u00f3n plenaria titulada \u201c<em>Bacterial disease prevention and control. Challenges and future prospects<\/em>\u201d. Laura Montesinos present\u00f3 un p\u00f3ster titulado \u201c<em>Target oriented functional peptides to control diseases caused by plant-pathogenic bacteria<\/em>\u201d y realiz\u00f3 una corta presentaci\u00f3n oral sobre el mismo. Luis Moll y Laura Foix presentaron un p\u00f3ster\u00a0 cada uno titulados \u201c<em>Peptides with multifunctional activities to protect plants against Xylella fastidiosa infection<\/em>\u201d y \u201c<em>Prunus p\u00e8rsica plant endogenous peptides PpPep1 and PpPep2 cause PTI-like transcriptome reprogramming in peach and enchance resistance to Xanthomonas arbor\u00edcola pv. pruni<\/em>\u201d, respectivamente.<\/p><p style=\"text-align: justify;\">Para m\u00e1s informaci\u00f3n sobre el congreso <a href=\"https:\/\/www.icppb2020.it\/\">https:\/\/www.icppb2020.it\/<\/a><\/p>\t\t\t\t\t\t\t\t<\/div>\n\t\t\t\t<\/div>\n\t\t\t\t<div class=\"elementor-element elementor-element-6fdaae83 elementor-widget-divider--view-line elementor-widget elementor-widget-divider\" data-id=\"6fdaae83\" data-element_type=\"widget\" data-e-type=\"widget\" data-widget_type=\"divider.default\">\n\t\t\t\t<div class=\"elementor-widget-container\">\n\t\t\t\t\t\t\t<div class=\"elementor-divider\">\n\t\t\t<span class=\"elementor-divider-separator\">\n\t\t\t\t\t\t<\/span>\n\t\t<\/div>\n\t\t\t\t\t\t<\/div>\n\t\t\t\t<\/div>\n\t\t\t\t\t<\/div>\n\t\t<\/div>\n\t\t\t\t\t<\/div>\n\t\t<\/section>\n\t\t\t\t<section class=\"elementor-section elementor-top-section elementor-element elementor-element-8cf12b1 elementor-section-boxed elementor-section-height-default elementor-section-height-default\" data-id=\"8cf12b1\" data-element_type=\"section\" data-e-type=\"section\">\n\t\t\t\t\t\t<div class=\"elementor-container elementor-column-gap-default\">\n\t\t\t\t\t<div class=\"elementor-column elementor-col-100 elementor-top-column elementor-element elementor-element-1bb61050\" data-id=\"1bb61050\" data-element_type=\"column\" data-e-type=\"column\">\n\t\t\t<div class=\"elementor-widget-wrap elementor-element-populated\">\n\t\t\t\t\t\t<div class=\"elementor-element elementor-element-2ad356d1 elementor-widget elementor-widget-wp-widget-recent-posts\" data-id=\"2ad356d1\" data-element_type=\"widget\" data-e-type=\"widget\" data-widget_type=\"wp-widget-recent-posts.default\">\n\t\t\t\t<div class=\"elementor-widget-container\">\n\t\t\t\t\t\n\t\t\n\t\t<h5>DARRERES NOT\u00cdCIES<\/h5>\n\t\t<ul>\n\t\t\t\t\t\t\t\t\t\t\t<li>\n\t\t\t\t\t<a href=\"https:\/\/epsapps.udg.edu\/cidsav\/en\/invited-presentation-by-cidsav-at-the-xylella-seminars\/\">Invited presentation by CIDSAV at the Xylella Seminars<\/a>\n\t\t\t\t\t\t\t\t\t\t\t<span class=\"post-date\">4 marzo, 2026<\/span>\n\t\t\t\t\t\t\t\t\t<\/li>\n\t\t\t\t\t\t\t\t\t\t\t<li>\n\t\t\t\t\t<a href=\"https:\/\/epsapps.udg.edu\/cidsav\/es\/ponencia-invitada-del-cidsav-a-los-xylella-seminars-2\/\">Ponencia invitada del CIDSAV a los Xylella Seminars<\/a>\n\t\t\t\t\t\t\t\t\t\t\t<span class=\"post-date\">4 marzo, 2026<\/span>\n\t\t\t\t\t\t\t\t\t<\/li>\n\t\t\t\t\t\t\t\t\t\t\t<li>\n\t\t\t\t\t<a href=\"https:\/\/epsapps.udg.edu\/cidsav\/ponencia-convidada-del-cidsav-als-xylella-seminars\/\">Pon\u00e8ncia convidada del CIDSAV als Xylella Seminars<\/a>\n\t\t\t\t\t\t\t\t\t\t\t<span class=\"post-date\">4 marzo, 2026<\/span>\n\t\t\t\t\t\t\t\t\t<\/li>\n\t\t\t\t\t\t\t\t\t\t\t<li>\n\t\t\t\t\t<a href=\"https:\/\/epsapps.udg.edu\/cidsav\/en\/cidsav-presents-advances-in-powdery-mildew-control-using-ultraviolet-radiation-at-the-viticulture-and-enology-symposium\/\">CIDSAV presents advances in powdery mildew control using ultraviolet radiation at the Viticulture and Enology Symposium<\/a>\n\t\t\t\t\t\t\t\t\t\t\t<span class=\"post-date\">26 febrero, 2026<\/span>\n\t\t\t\t\t\t\t\t\t<\/li>\n\t\t\t\t\t\t\t\t\t\t\t<li>\n\t\t\t\t\t<a href=\"https:\/\/epsapps.udg.edu\/cidsav\/es\/el-cidsav-presenta-avances-en-el-control-del-oidio-mediante-radiacion-ultravioleta-en-el-simposio-de-viticultura-y-enologia\/\">El CIDSAV presenta avances en el control del o\u00eddio mediante radiaci\u00f3n ultravioleta en el Simposio de Viticultura y Enolog\u00eda<\/a>\n\t\t\t\t\t\t\t\t\t\t\t<span class=\"post-date\">26 febrero, 2026<\/span>\n\t\t\t\t\t\t\t\t\t<\/li>\n\t\t\t\t\t<\/ul>\n\n\t\t\t\t\t\t<\/div>\n\t\t\t\t<\/div>\n\t\t\t\t\t<\/div>\n\t\t<\/div>\n\t\t\t\t\t<\/div>\n\t\t<\/section>\n\t\t\t\t<\/div>\n\t\t","protected":false},"excerpt":{"rendered":"<p>Del 3 al 8 de Julio de 2022 tuvo lugar de forma presencial la 14\u00aa conferencia internacional de bacterias fitopat\u00f3genas en As\u00eds, Italia (International Conference [&hellip;]<\/p>\n","protected":false},"author":1,"featured_media":5153,"comment_status":"closed","ping_status":"open","sticky":false,"template":"post-templates\/post_nosidebar.php","format":"standard","meta":{"_uag_custom_page_level_css":"","footnotes":""},"categories":[72],"tags":[],"class_list":["post-5161","post","type-post","status-publish","format-standard","has-post-thumbnail","hentry","category-sin-noticias-es"],"yoast_head":"<!-- This site is optimized with the Yoast SEO plugin v27.5 - https:\/\/yoast.com\/product\/yoast-seo-wordpress\/ -->\n<title>Participaci\u00f3n de los miembros del CIDSAV al 14\u00ba congreso del ICPPB<\/title>\n<meta name=\"robots\" content=\"index, follow, max-snippet:-1, max-image-preview:large, max-video-preview:-1\" \/>\n<link rel=\"canonical\" href=\"https:\/\/epsapps.udg.edu\/cidsav\/es\/participacion-de-los-miembros-del-cidsav-al-14o-congreso-del-icppb\/\" \/>\n<meta property=\"og:locale\" content=\"es_ES\" \/>\n<meta property=\"og:type\" content=\"article\" \/>\n<meta property=\"og:title\" content=\"Participaci\u00f3n de los miembros del CIDSAV al 14\u00ba congreso del ICPPB\" \/>\n<meta property=\"og:description\" content=\"Del 3 al 8 de Julio de 2022 tuvo lugar de forma presencial la 14\u00aa conferencia internacional de bacterias fitopat\u00f3genas en As\u00eds, Italia (International Conference [&hellip;]\" \/>\n<meta property=\"og:url\" content=\"https:\/\/epsapps.udg.edu\/cidsav\/es\/participacion-de-los-miembros-del-cidsav-al-14o-congreso-del-icppb\/\" \/>\n<meta property=\"og:site_name\" content=\"CIDSAV\" \/>\n<meta property=\"article:published_time\" content=\"2022-07-21T06:00:18+00:00\" \/>\n<meta property=\"article:modified_time\" content=\"2022-07-21T06:01:08+00:00\" \/>\n<meta property=\"og:image\" content=\"https:\/\/epsapps.udg.edu\/cidsav\/wp-content\/uploads\/2022\/07\/Congres-Italia.jpg\" \/>\n\t<meta property=\"og:image:width\" content=\"1024\" \/>\n\t<meta property=\"og:image:height\" content=\"726\" \/>\n\t<meta property=\"og:image:type\" content=\"image\/jpeg\" \/>\n<meta name=\"author\" content=\"Cidsav\" \/>\n<meta name=\"twitter:card\" content=\"summary_large_image\" \/>\n<meta name=\"twitter:label1\" content=\"Escrito por\" \/>\n\t<meta name=\"twitter:data1\" content=\"Cidsav\" \/>\n\t<meta name=\"twitter:label2\" content=\"Tiempo de lectura\" \/>\n\t<meta name=\"twitter:data2\" content=\"1 minuto\" \/>\n<script type=\"application\/ld+json\" class=\"yoast-schema-graph\">{\"@context\":\"https:\\\/\\\/schema.org\",\"@graph\":[{\"@type\":\"Article\",\"@id\":\"https:\\\/\\\/epsapps.udg.edu\\\/cidsav\\\/es\\\/participacion-de-los-miembros-del-cidsav-al-14o-congreso-del-icppb\\\/#article\",\"isPartOf\":{\"@id\":\"https:\\\/\\\/epsapps.udg.edu\\\/cidsav\\\/es\\\/participacion-de-los-miembros-del-cidsav-al-14o-congreso-del-icppb\\\/\"},\"author\":{\"name\":\"Cidsav\",\"@id\":\"https:\\\/\\\/epsapps.udg.edu\\\/cidsav\\\/#\\\/schema\\\/person\\\/883528511e500c7e80ba4277581a1af5\"},\"headline\":\"Participaci\u00f3n de los miembros del CIDSAV al 14\u00ba congreso del ICPPB\",\"datePublished\":\"2022-07-21T06:00:18+00:00\",\"dateModified\":\"2022-07-21T06:01:08+00:00\",\"mainEntityOfPage\":{\"@id\":\"https:\\\/\\\/epsapps.udg.edu\\\/cidsav\\\/es\\\/participacion-de-los-miembros-del-cidsav-al-14o-congreso-del-icppb\\\/\"},\"wordCount\":202,\"publisher\":{\"@id\":\"https:\\\/\\\/epsapps.udg.edu\\\/cidsav\\\/#organization\"},\"image\":{\"@id\":\"https:\\\/\\\/epsapps.udg.edu\\\/cidsav\\\/es\\\/participacion-de-los-miembros-del-cidsav-al-14o-congreso-del-icppb\\\/#primaryimage\"},\"thumbnailUrl\":\"https:\\\/\\\/epsapps.udg.edu\\\/cidsav\\\/wp-content\\\/uploads\\\/2022\\\/07\\\/Congres-Italia.jpg\",\"articleSection\":[\"Noticias\"],\"inLanguage\":\"es\"},{\"@type\":\"WebPage\",\"@id\":\"https:\\\/\\\/epsapps.udg.edu\\\/cidsav\\\/es\\\/participacion-de-los-miembros-del-cidsav-al-14o-congreso-del-icppb\\\/\",\"url\":\"https:\\\/\\\/epsapps.udg.edu\\\/cidsav\\\/es\\\/participacion-de-los-miembros-del-cidsav-al-14o-congreso-del-icppb\\\/\",\"name\":\"Participaci\u00f3n de los miembros del CIDSAV al 14\u00ba congreso del ICPPB\",\"isPartOf\":{\"@id\":\"https:\\\/\\\/epsapps.udg.edu\\\/cidsav\\\/#website\"},\"primaryImageOfPage\":{\"@id\":\"https:\\\/\\\/epsapps.udg.edu\\\/cidsav\\\/es\\\/participacion-de-los-miembros-del-cidsav-al-14o-congreso-del-icppb\\\/#primaryimage\"},\"image\":{\"@id\":\"https:\\\/\\\/epsapps.udg.edu\\\/cidsav\\\/es\\\/participacion-de-los-miembros-del-cidsav-al-14o-congreso-del-icppb\\\/#primaryimage\"},\"thumbnailUrl\":\"https:\\\/\\\/epsapps.udg.edu\\\/cidsav\\\/wp-content\\\/uploads\\\/2022\\\/07\\\/Congres-Italia.jpg\",\"datePublished\":\"2022-07-21T06:00:18+00:00\",\"dateModified\":\"2022-07-21T06:01:08+00:00\",\"breadcrumb\":{\"@id\":\"https:\\\/\\\/epsapps.udg.edu\\\/cidsav\\\/es\\\/participacion-de-los-miembros-del-cidsav-al-14o-congreso-del-icppb\\\/#breadcrumb\"},\"inLanguage\":\"es\",\"potentialAction\":[{\"@type\":\"ReadAction\",\"target\":[\"https:\\\/\\\/epsapps.udg.edu\\\/cidsav\\\/es\\\/participacion-de-los-miembros-del-cidsav-al-14o-congreso-del-icppb\\\/\"]}]},{\"@type\":\"ImageObject\",\"inLanguage\":\"es\",\"@id\":\"https:\\\/\\\/epsapps.udg.edu\\\/cidsav\\\/es\\\/participacion-de-los-miembros-del-cidsav-al-14o-congreso-del-icppb\\\/#primaryimage\",\"url\":\"https:\\\/\\\/epsapps.udg.edu\\\/cidsav\\\/wp-content\\\/uploads\\\/2022\\\/07\\\/Congres-Italia.jpg\",\"contentUrl\":\"https:\\\/\\\/epsapps.udg.edu\\\/cidsav\\\/wp-content\\\/uploads\\\/2022\\\/07\\\/Congres-Italia.jpg\",\"width\":1024,\"height\":726},{\"@type\":\"BreadcrumbList\",\"@id\":\"https:\\\/\\\/epsapps.udg.edu\\\/cidsav\\\/es\\\/participacion-de-los-miembros-del-cidsav-al-14o-congreso-del-icppb\\\/#breadcrumb\",\"itemListElement\":[{\"@type\":\"ListItem\",\"position\":1,\"name\":\"Portada\",\"item\":\"https:\\\/\\\/epsapps.udg.edu\\\/cidsav\\\/\"},{\"@type\":\"ListItem\",\"position\":2,\"name\":\"Participaci\u00f3n de los miembros del CIDSAV al 14\u00ba congreso del ICPPB\"}]},{\"@type\":\"WebSite\",\"@id\":\"https:\\\/\\\/epsapps.udg.edu\\\/cidsav\\\/#website\",\"url\":\"https:\\\/\\\/epsapps.udg.edu\\\/cidsav\\\/\",\"name\":\"CIDSAV\",\"description\":\"\",\"publisher\":{\"@id\":\"https:\\\/\\\/epsapps.udg.edu\\\/cidsav\\\/#organization\"},\"potentialAction\":[{\"@type\":\"SearchAction\",\"target\":{\"@type\":\"EntryPoint\",\"urlTemplate\":\"https:\\\/\\\/epsapps.udg.edu\\\/cidsav\\\/?s={search_term_string}\"},\"query-input\":{\"@type\":\"PropertyValueSpecification\",\"valueRequired\":true,\"valueName\":\"search_term_string\"}}],\"inLanguage\":\"es\"},{\"@type\":\"Organization\",\"@id\":\"https:\\\/\\\/epsapps.udg.edu\\\/cidsav\\\/#organization\",\"name\":\"CIDSAV\",\"url\":\"https:\\\/\\\/epsapps.udg.edu\\\/cidsav\\\/\",\"logo\":{\"@type\":\"ImageObject\",\"inLanguage\":\"es\",\"@id\":\"https:\\\/\\\/epsapps.udg.edu\\\/cidsav\\\/#\\\/schema\\\/logo\\\/image\\\/\",\"url\":\"https:\\\/\\\/epsapps.udg.edu\\\/cidsav\\\/wp-content\\\/uploads\\\/2019\\\/09\\\/Logo-3-idomes-CIDSAV-verd-03.png\",\"contentUrl\":\"https:\\\/\\\/epsapps.udg.edu\\\/cidsav\\\/wp-content\\\/uploads\\\/2019\\\/09\\\/Logo-3-idomes-CIDSAV-verd-03.png\",\"width\":1181,\"height\":1054,\"caption\":\"CIDSAV\"},\"image\":{\"@id\":\"https:\\\/\\\/epsapps.udg.edu\\\/cidsav\\\/#\\\/schema\\\/logo\\\/image\\\/\"},\"sameAs\":[\"https:\\\/\\\/www.instagram.com\\\/cidsav_udg\\\/?igsh=eDU0dzNpc2JzdG8y#\"]},{\"@type\":\"Person\",\"@id\":\"https:\\\/\\\/epsapps.udg.edu\\\/cidsav\\\/#\\\/schema\\\/person\\\/883528511e500c7e80ba4277581a1af5\",\"name\":\"Cidsav\",\"image\":{\"@type\":\"ImageObject\",\"inLanguage\":\"es\",\"@id\":\"https:\\\/\\\/secure.gravatar.com\\\/avatar\\\/edc98cd42455437cc862f126c154af7f452d3d0d6083e36036042fb12f5236f9?s=96&d=mm&r=g\",\"url\":\"https:\\\/\\\/secure.gravatar.com\\\/avatar\\\/edc98cd42455437cc862f126c154af7f452d3d0d6083e36036042fb12f5236f9?s=96&d=mm&r=g\",\"contentUrl\":\"https:\\\/\\\/secure.gravatar.com\\\/avatar\\\/edc98cd42455437cc862f126c154af7f452d3d0d6083e36036042fb12f5236f9?s=96&d=mm&r=g\",\"caption\":\"Cidsav\"}}]}<\/script>\n<!-- \/ Yoast SEO plugin. -->","yoast_head_json":{"title":"Participaci\u00f3n de los miembros del CIDSAV al 14\u00ba congreso del ICPPB","robots":{"index":"index","follow":"follow","max-snippet":"max-snippet:-1","max-image-preview":"max-image-preview:large","max-video-preview":"max-video-preview:-1"},"canonical":"https:\/\/epsapps.udg.edu\/cidsav\/es\/participacion-de-los-miembros-del-cidsav-al-14o-congreso-del-icppb\/","og_locale":"es_ES","og_type":"article","og_title":"Participaci\u00f3n de los miembros del CIDSAV al 14\u00ba congreso del ICPPB","og_description":"Del 3 al 8 de Julio de 2022 tuvo lugar de forma presencial la 14\u00aa conferencia internacional de bacterias fitopat\u00f3genas en As\u00eds, Italia (International Conference [&hellip;]","og_url":"https:\/\/epsapps.udg.edu\/cidsav\/es\/participacion-de-los-miembros-del-cidsav-al-14o-congreso-del-icppb\/","og_site_name":"CIDSAV","article_published_time":"2022-07-21T06:00:18+00:00","article_modified_time":"2022-07-21T06:01:08+00:00","og_image":[{"width":1024,"height":726,"url":"https:\/\/epsapps.udg.edu\/cidsav\/wp-content\/uploads\/2022\/07\/Congres-Italia.jpg","type":"image\/jpeg"}],"author":"Cidsav","twitter_card":"summary_large_image","twitter_misc":{"Escrito por":"Cidsav","Tiempo de lectura":"1 minuto"},"schema":{"@context":"https:\/\/schema.org","@graph":[{"@type":"Article","@id":"https:\/\/epsapps.udg.edu\/cidsav\/es\/participacion-de-los-miembros-del-cidsav-al-14o-congreso-del-icppb\/#article","isPartOf":{"@id":"https:\/\/epsapps.udg.edu\/cidsav\/es\/participacion-de-los-miembros-del-cidsav-al-14o-congreso-del-icppb\/"},"author":{"name":"Cidsav","@id":"https:\/\/epsapps.udg.edu\/cidsav\/#\/schema\/person\/883528511e500c7e80ba4277581a1af5"},"headline":"Participaci\u00f3n de los miembros del CIDSAV al 14\u00ba congreso del ICPPB","datePublished":"2022-07-21T06:00:18+00:00","dateModified":"2022-07-21T06:01:08+00:00","mainEntityOfPage":{"@id":"https:\/\/epsapps.udg.edu\/cidsav\/es\/participacion-de-los-miembros-del-cidsav-al-14o-congreso-del-icppb\/"},"wordCount":202,"publisher":{"@id":"https:\/\/epsapps.udg.edu\/cidsav\/#organization"},"image":{"@id":"https:\/\/epsapps.udg.edu\/cidsav\/es\/participacion-de-los-miembros-del-cidsav-al-14o-congreso-del-icppb\/#primaryimage"},"thumbnailUrl":"https:\/\/epsapps.udg.edu\/cidsav\/wp-content\/uploads\/2022\/07\/Congres-Italia.jpg","articleSection":["Noticias"],"inLanguage":"es"},{"@type":"WebPage","@id":"https:\/\/epsapps.udg.edu\/cidsav\/es\/participacion-de-los-miembros-del-cidsav-al-14o-congreso-del-icppb\/","url":"https:\/\/epsapps.udg.edu\/cidsav\/es\/participacion-de-los-miembros-del-cidsav-al-14o-congreso-del-icppb\/","name":"Participaci\u00f3n de los miembros del CIDSAV al 14\u00ba congreso del ICPPB","isPartOf":{"@id":"https:\/\/epsapps.udg.edu\/cidsav\/#website"},"primaryImageOfPage":{"@id":"https:\/\/epsapps.udg.edu\/cidsav\/es\/participacion-de-los-miembros-del-cidsav-al-14o-congreso-del-icppb\/#primaryimage"},"image":{"@id":"https:\/\/epsapps.udg.edu\/cidsav\/es\/participacion-de-los-miembros-del-cidsav-al-14o-congreso-del-icppb\/#primaryimage"},"thumbnailUrl":"https:\/\/epsapps.udg.edu\/cidsav\/wp-content\/uploads\/2022\/07\/Congres-Italia.jpg","datePublished":"2022-07-21T06:00:18+00:00","dateModified":"2022-07-21T06:01:08+00:00","breadcrumb":{"@id":"https:\/\/epsapps.udg.edu\/cidsav\/es\/participacion-de-los-miembros-del-cidsav-al-14o-congreso-del-icppb\/#breadcrumb"},"inLanguage":"es","potentialAction":[{"@type":"ReadAction","target":["https:\/\/epsapps.udg.edu\/cidsav\/es\/participacion-de-los-miembros-del-cidsav-al-14o-congreso-del-icppb\/"]}]},{"@type":"ImageObject","inLanguage":"es","@id":"https:\/\/epsapps.udg.edu\/cidsav\/es\/participacion-de-los-miembros-del-cidsav-al-14o-congreso-del-icppb\/#primaryimage","url":"https:\/\/epsapps.udg.edu\/cidsav\/wp-content\/uploads\/2022\/07\/Congres-Italia.jpg","contentUrl":"https:\/\/epsapps.udg.edu\/cidsav\/wp-content\/uploads\/2022\/07\/Congres-Italia.jpg","width":1024,"height":726},{"@type":"BreadcrumbList","@id":"https:\/\/epsapps.udg.edu\/cidsav\/es\/participacion-de-los-miembros-del-cidsav-al-14o-congreso-del-icppb\/#breadcrumb","itemListElement":[{"@type":"ListItem","position":1,"name":"Portada","item":"https:\/\/epsapps.udg.edu\/cidsav\/"},{"@type":"ListItem","position":2,"name":"Participaci\u00f3n de los miembros del CIDSAV al 14\u00ba congreso del ICPPB"}]},{"@type":"WebSite","@id":"https:\/\/epsapps.udg.edu\/cidsav\/#website","url":"https:\/\/epsapps.udg.edu\/cidsav\/","name":"CIDSAV","description":"","publisher":{"@id":"https:\/\/epsapps.udg.edu\/cidsav\/#organization"},"potentialAction":[{"@type":"SearchAction","target":{"@type":"EntryPoint","urlTemplate":"https:\/\/epsapps.udg.edu\/cidsav\/?s={search_term_string}"},"query-input":{"@type":"PropertyValueSpecification","valueRequired":true,"valueName":"search_term_string"}}],"inLanguage":"es"},{"@type":"Organization","@id":"https:\/\/epsapps.udg.edu\/cidsav\/#organization","name":"CIDSAV","url":"https:\/\/epsapps.udg.edu\/cidsav\/","logo":{"@type":"ImageObject","inLanguage":"es","@id":"https:\/\/epsapps.udg.edu\/cidsav\/#\/schema\/logo\/image\/","url":"https:\/\/epsapps.udg.edu\/cidsav\/wp-content\/uploads\/2019\/09\/Logo-3-idomes-CIDSAV-verd-03.png","contentUrl":"https:\/\/epsapps.udg.edu\/cidsav\/wp-content\/uploads\/2019\/09\/Logo-3-idomes-CIDSAV-verd-03.png","width":1181,"height":1054,"caption":"CIDSAV"},"image":{"@id":"https:\/\/epsapps.udg.edu\/cidsav\/#\/schema\/logo\/image\/"},"sameAs":["https:\/\/www.instagram.com\/cidsav_udg\/?igsh=eDU0dzNpc2JzdG8y#"]},{"@type":"Person","@id":"https:\/\/epsapps.udg.edu\/cidsav\/#\/schema\/person\/883528511e500c7e80ba4277581a1af5","name":"Cidsav","image":{"@type":"ImageObject","inLanguage":"es","@id":"https:\/\/secure.gravatar.com\/avatar\/edc98cd42455437cc862f126c154af7f452d3d0d6083e36036042fb12f5236f9?s=96&d=mm&r=g","url":"https:\/\/secure.gravatar.com\/avatar\/edc98cd42455437cc862f126c154af7f452d3d0d6083e36036042fb12f5236f9?s=96&d=mm&r=g","contentUrl":"https:\/\/secure.gravatar.com\/avatar\/edc98cd42455437cc862f126c154af7f452d3d0d6083e36036042fb12f5236f9?s=96&d=mm&r=g","caption":"Cidsav"}}]}},"uagb_featured_image_src":{"full":["https:\/\/epsapps.udg.edu\/cidsav\/wp-content\/uploads\/2022\/07\/Congres-Italia.jpg",1024,726,false],"thumbnail":["https:\/\/epsapps.udg.edu\/cidsav\/wp-content\/uploads\/2022\/07\/Congres-Italia-150x150.jpg",150,150,true],"medium":["https:\/\/epsapps.udg.edu\/cidsav\/wp-content\/uploads\/2022\/07\/Congres-Italia-300x213.jpg",300,213,true],"medium_large":["https:\/\/epsapps.udg.edu\/cidsav\/wp-content\/uploads\/2022\/07\/Congres-Italia-768x545.jpg",768,545,true],"large":["https:\/\/epsapps.udg.edu\/cidsav\/wp-content\/uploads\/2022\/07\/Congres-Italia.jpg",1024,726,false],"1536x1536":["https:\/\/epsapps.udg.edu\/cidsav\/wp-content\/uploads\/2022\/07\/Congres-Italia.jpg",1024,726,false],"2048x2048":["https:\/\/epsapps.udg.edu\/cidsav\/wp-content\/uploads\/2022\/07\/Congres-Italia.jpg",1024,726,false],"sydney-large-thumb":["https:\/\/epsapps.udg.edu\/cidsav\/wp-content\/uploads\/2022\/07\/Congres-Italia-920x652.jpg",920,652,true],"sydney-medium-thumb":["https:\/\/epsapps.udg.edu\/cidsav\/wp-content\/uploads\/2022\/07\/Congres-Italia-550x400.jpg",550,400,true],"sydney-small-thumb":["https:\/\/epsapps.udg.edu\/cidsav\/wp-content\/uploads\/2022\/07\/Congres-Italia-230x163.jpg",230,163,true],"sydney-service-thumb":["https:\/\/epsapps.udg.edu\/cidsav\/wp-content\/uploads\/2022\/07\/Congres-Italia-350x248.jpg",350,248,true],"sydney-mas-thumb":["https:\/\/epsapps.udg.edu\/cidsav\/wp-content\/uploads\/2022\/07\/Congres-Italia-480x340.jpg",480,340,true]},"uagb_author_info":{"display_name":"Cidsav","author_link":"https:\/\/epsapps.udg.edu\/cidsav\/author\/cidsav0140\/"},"uagb_comment_info":0,"uagb_excerpt":"Del 3 al 8 de Julio de 2022 tuvo lugar de forma presencial la 14\u00aa conferencia internacional de bacterias fitopat\u00f3genas en As\u00eds, Italia (International Conference [&hellip;]","_links":{"self":[{"href":"https:\/\/epsapps.udg.edu\/cidsav\/wp-json\/wp\/v2\/posts\/5161","targetHints":{"allow":["GET"]}}],"collection":[{"href":"https:\/\/epsapps.udg.edu\/cidsav\/wp-json\/wp\/v2\/posts"}],"about":[{"href":"https:\/\/epsapps.udg.edu\/cidsav\/wp-json\/wp\/v2\/types\/post"}],"author":[{"embeddable":true,"href":"https:\/\/epsapps.udg.edu\/cidsav\/wp-json\/wp\/v2\/users\/1"}],"replies":[{"embeddable":true,"href":"https:\/\/epsapps.udg.edu\/cidsav\/wp-json\/wp\/v2\/comments?post=5161"}],"version-history":[{"count":0,"href":"https:\/\/epsapps.udg.edu\/cidsav\/wp-json\/wp\/v2\/posts\/5161\/revisions"}],"wp:featuredmedia":[{"embeddable":true,"href":"https:\/\/epsapps.udg.edu\/cidsav\/wp-json\/wp\/v2\/media\/5153"}],"wp:attachment":[{"href":"https:\/\/epsapps.udg.edu\/cidsav\/wp-json\/wp\/v2\/media?parent=5161"}],"wp:term":[{"taxonomy":"category","embeddable":true,"href":"https:\/\/epsapps.udg.edu\/cidsav\/wp-json\/wp\/v2\/categories?post=5161"},{"taxonomy":"post_tag","embeddable":true,"href":"https:\/\/epsapps.udg.edu\/cidsav\/wp-json\/wp\/v2\/tags?post=5161"}],"curies":[{"name":"wp","href":"https:\/\/api.w.org\/{rel}","templated":true}]}}